{"id":40007,"date":"2019-06-11T10:28:34","date_gmt":"2019-06-11T14:28:34","guid":{"rendered":"https:\/\/linitiative.ca\/International\/90481-tournoi-magic-tours-a-tabarka-youcef-rihane-debutera-contre-le-francais-mathieu-perchicot\/"},"modified":"2019-06-11T10:28:34","modified_gmt":"2019-06-11T14:28:34","slug":"90481-tournoi-magic-tours-a-tabarka-youcef-rihane-debutera-contre-le-francais-mathieu-perchicot","status":"publish","type":"post","link":"https:\/\/linitiative.ca\/International\/90481-tournoi-magic-tours-a-tabarka-youcef-rihane-debutera-contre-le-francais-mathieu-perchicot\/","title":{"rendered":"Tournoi Magic Tours \u00e0 Tabarka: Youcef Rihane d\u00e9butera contre le Fran\u00e7ais Mathieu Perchicot"},"content":{"rendered":"<div>\n<div class=\"K2FeedImage\"><img decoding=\"async\" src=\"http:\/\/www.aps.dz\/media\/k2\/items\/cache\/421f41571742d69637b845b01ac66cef_S.jpg\" alt=\"Tournoi Magic Tours \u00e0 Tabarka: Youcef Rihane d\u00e9butera contre le Fran\u00e7ais Mathieu Perchicot\"><\/div>\n<div class=\"K2FeedIntroText\">\n<p><strong>TUNIS &#8211; Le tennisman alg\u00e9rien Youcef Rihane sera oppos\u00e9 au Fran\u00e7ais Mathieu Perchicot au premier tour du tableau final du tournoi professionnel \u00ab\u00a0Magic Tours\u00a0\u00bb qui se d\u00e9roule du 10 au 16 juin courant sur les courts en terre battue de la station baln\u00e9aire tunisienne Tabarka.<\/strong><\/p>\n<\/div>\n<div class=\"K2FeedFullText\">\n<p>Un match pr\u00e9vu ce dimanche, sur le court N4 et qui s&rsquo;annonce difficile pour l&rsquo;Alg\u00e9rien de 18 ans, car non seulement son adversaire est un senior aguerri de 27 ans, mais il est class\u00e9 t\u00eate de s\u00e9rie N5 de ce tournoi \u00e0 15.000 USD.<\/p>\n<hr>\n<h3>Lire aussi:\u00a0<a href=\"http:\/\/www.aps.dz\/sport\/89979-tennis-roland-garros-juniors-l-un-des-moments-forts-de-ma-carriere\" target=\"_blank\" rel=\"noopener noreferrer\">Tennis\/Roland-Garros juniors: \u00a0\u00bbl&rsquo;un des moments forts de ma carri\u00e8re\u00a0\u00bb<\/a><\/h3>\n<hr>\n<p>En effet, Rihane appartient encore \u00e0 la cat\u00e9gorie \u00ab\u00a0juniors\u00a0\u00bb, o\u00f9 il occupe actuellement le 56e rang sur le plan mondial, alors que\u00a0 Perchicot est class\u00e9 67e chez les seniors.<\/p>\n<p>C&rsquo;est d&rsquo;ailleurs \u00e0 la faveur d&rsquo;une accr\u00e9ditation sp\u00e9ciale que Rihane a pu int\u00e9grer ce tournoi, tout comme le Belge Arnaud Bovy et le Marocain Yassir Kilani, qui figurent \u00e9galement dans le Top 100 mondial \u00ab\u00a0juniors\u00a0\u00bb.<\/p>\n<p>Le tournoi a drain\u00e9 la participation de certains joueurs relativement bien class\u00e9s sur le plan mondial (ATP), notamment, le Fran\u00e7ais Antoine Escoffier (388e).<\/p>\n<\/div>\n<p><img loading=\"lazy\" decoding=\"async\" src=\"http:\/\/feeds.feedburner.com\/~r\/aps-sport\/~4\/2P4sv1oUXYI\" height=\"1\" width=\"1\" alt=\"\"><\/div>\n<p>Auteur:<br \/>\n<a href=\"http:\/\/www.aps.dz\/sport\/90481-tournoi-magic-tours-a-tabarka-youcef-rihane-debutera-contre-le-francais-mathieu-perchicot?utm_source=feedburner&#038;utm_medium=feed&#038;utm_campaign=Feed%3A+aps-sport+%28APS+-+SPORT%29\">Cliquez ici pour lire l&rsquo;article depuis sa source.<\/a><\/p>\n","protected":false},"excerpt":{"rendered":"<p>TUNIS &#8211; Le tennisman alg\u00e9rien Youcef Rihane sera oppos\u00e9 au Fran\u00e7ais Mathieu Perchicot au premier tour du tableau final du tournoi professionnel \u00ab\u00a0Magic Tours\u00a0\u00bb qui se d\u00e9roule du 10 au 16 juin courant sur les courts en terre battue de la station baln\u00e9aire tunisienne Tabarka. Un match pr\u00e9vu ce dimanche, sur le court N4 et [&hellip;]<\/p>\n","protected":false},"author":1790,"featured_media":40008,"comment_status":"closed","ping_status":"closed","sticky":false,"template":"","format":"standard","meta":{"fifu_image_url":"","fifu_image_alt":"","footnotes":""},"categories":[53,75],"tags":[],"class_list":["post-40007","post","type-post","status-publish","format-standard","has-post-thumbnail","hentry","category-algerie","category-sport"],"_links":{"self":[{"href":"https:\/\/linitiative.ca\/International\/wp-json\/wp\/v2\/posts\/40007","targetHints":{"allow":["GET"]}}],"collection":[{"href":"https:\/\/linitiative.ca\/International\/wp-json\/wp\/v2\/posts"}],"about":[{"href":"https:\/\/linitiative.ca\/International\/wp-json\/wp\/v2\/types\/post"}],"author":[{"embeddable":true,"href":"https:\/\/linitiative.ca\/International\/wp-json\/wp\/v2\/users\/1790"}],"replies":[{"embeddable":true,"href":"https:\/\/linitiative.ca\/International\/wp-json\/wp\/v2\/comments?post=40007"}],"version-history":[{"count":0,"href":"https:\/\/linitiative.ca\/International\/wp-json\/wp\/v2\/posts\/40007\/revisions"}],"wp:featuredmedia":[{"embeddable":true,"href":"https:\/\/linitiative.ca\/International\/wp-json\/"}],"wp:attachment":[{"href":"https:\/\/linitiative.ca\/International\/wp-json\/wp\/v2\/media?parent=40007"}],"wp:term":[{"taxonomy":"category","embeddable":true,"href":"https:\/\/linitiative.ca\/International\/wp-json\/wp\/v2\/categories?post=40007"},{"taxonomy":"post_tag","embeddable":true,"href":"https:\/\/linitiative.ca\/International\/wp-json\/wp\/v2\/tags?post=40007"}],"curies":[{"name":"wp","href":"https:\/\/api.w.org\/{rel}","templated":true}]}}