{"id":40010,"date":"2019-06-11T13:31:06","date_gmt":"2019-06-11T17:31:06","guid":{"rendered":"https:\/\/linitiative.ca\/International\/90493-meeting-de-cidade-lisboa-2e-place-pour-l-algerien-soufiane-bouhadda\/"},"modified":"2019-06-11T13:31:06","modified_gmt":"2019-06-11T17:31:06","slug":"90493-meeting-de-cidade-lisboa-2e-place-pour-l-algerien-soufiane-bouhadda","status":"publish","type":"post","link":"https:\/\/linitiative.ca\/International\/90493-meeting-de-cidade-lisboa-2e-place-pour-l-algerien-soufiane-bouhadda\/","title":{"rendered":"Meeting de Cidade Lisboa: 2e place pour l&rsquo;Alg\u00e9rien Soufiane Bouhadda"},"content":{"rendered":"<div>\n<div class=\"K2FeedImage\"><img decoding=\"async\" src=\"http:\/\/www.aps.dz\/media\/k2\/items\/cache\/49afcd310855610c88c45bdc7fabcfa1_S.jpg\" alt=\"Meeting de Cidade Lisboa: 2e place pour l'Alg\u00e9rien Soufiane Bouhadda\"><\/div>\n<div class=\"K2FeedIntroText\">\n<p><strong>LISBONNE &#8211; Le sprinter alg\u00e9rien Soufiane Bouhadda a d\u00e9croch\u00e9 la deuxi\u00e8me place sur le 200 m\u00e8tres du Meeting de Cidade Lisboa, disput\u00e9 lundi soir au Portugal, avec un chrono de 21.22.<\/strong><\/p>\n<\/div>\n<div class=\"K2FeedFullText\">\n<p>La course a \u00e9t\u00e9 remport\u00e9e par le Br\u00e9silien Jonathan Rodrigues, en 21.10, alors que le Portugais Carlos Manuel Sampaio Naschimento a compl\u00e9t\u00e9 le podium en 21.23.<\/p>\n<p>Cette course est la troisi\u00e8me \u00e9preuve officielle pour Bouhadda cette saison, apr\u00e8s le Challenge r\u00e9gional de Valence, disput\u00e9 le 1er juin courant et dans lequel il avait occup\u00e9 la 3e place sur 400 m\u00e8tres, en 47.54, avant de revenir sur le 200 m\u00e8tres, lors du Meeting d&rsquo;Angoul\u00eame, disput\u00e9 le 7 juin et dans lequel il avait r\u00e9alis\u00e9 un chrono de 21.48.<\/p>\n<p>Deux autres alg\u00e9riens avaient particip\u00e9 au Meeting international de Cidade Lisboa, \u00e0 savoir Miloud Laredj, qui a termin\u00e9 \u00e0 la 4e place sur 400 m\u00e8tres en 47.41, et Salim Keddar, qui a termin\u00e9 en seconde position sur le 800 m\u00e8tres, avec un chrono de 1:49.20.<\/p>\n<p>\u00a0<\/p>\n<\/div>\n<p><img loading=\"lazy\" decoding=\"async\" src=\"http:\/\/feeds.feedburner.com\/~r\/aps-sport\/~4\/EG7DKmJUlzM\" height=\"1\" width=\"1\" alt=\"\"><\/div>\n<p>Auteur:<br \/>\n<a href=\"http:\/\/www.aps.dz\/sport\/90493-meeting-de-cidade-lisboa-2e-place-pour-l-algerien-soufiane-bouhadda?utm_source=feedburner&#038;utm_medium=feed&#038;utm_campaign=Feed%3A+aps-sport+%28APS+-+SPORT%29\">Cliquez ici pour lire l&rsquo;article depuis sa source.<\/a><\/p>\n","protected":false},"excerpt":{"rendered":"<p>LISBONNE &#8211; Le sprinter alg\u00e9rien Soufiane Bouhadda a d\u00e9croch\u00e9 la deuxi\u00e8me place sur le 200 m\u00e8tres du Meeting de Cidade Lisboa, disput\u00e9 lundi soir au Portugal, avec un chrono de 21.22. La course a \u00e9t\u00e9 remport\u00e9e par le Br\u00e9silien Jonathan Rodrigues, en 21.10, alors que le Portugais Carlos Manuel Sampaio Naschimento a compl\u00e9t\u00e9 le podium [&hellip;]<\/p>\n","protected":false},"author":1790,"featured_media":40011,"comment_status":"closed","ping_status":"closed","sticky":false,"template":"","format":"standard","meta":{"fifu_image_url":"","fifu_image_alt":"","footnotes":""},"categories":[53,75],"tags":[],"class_list":["post-40010","post","type-post","status-publish","format-standard","has-post-thumbnail","hentry","category-algerie","category-sport"],"_links":{"self":[{"href":"https:\/\/linitiative.ca\/International\/wp-json\/wp\/v2\/posts\/40010","targetHints":{"allow":["GET"]}}],"collection":[{"href":"https:\/\/linitiative.ca\/International\/wp-json\/wp\/v2\/posts"}],"about":[{"href":"https:\/\/linitiative.ca\/International\/wp-json\/wp\/v2\/types\/post"}],"author":[{"embeddable":true,"href":"https:\/\/linitiative.ca\/International\/wp-json\/wp\/v2\/users\/1790"}],"replies":[{"embeddable":true,"href":"https:\/\/linitiative.ca\/International\/wp-json\/wp\/v2\/comments?post=40010"}],"version-history":[{"count":0,"href":"https:\/\/linitiative.ca\/International\/wp-json\/wp\/v2\/posts\/40010\/revisions"}],"wp:featuredmedia":[{"embeddable":true,"href":"https:\/\/linitiative.ca\/International\/wp-json\/"}],"wp:attachment":[{"href":"https:\/\/linitiative.ca\/International\/wp-json\/wp\/v2\/media?parent=40010"}],"wp:term":[{"taxonomy":"category","embeddable":true,"href":"https:\/\/linitiative.ca\/International\/wp-json\/wp\/v2\/categories?post=40010"},{"taxonomy":"post_tag","embeddable":true,"href":"https:\/\/linitiative.ca\/International\/wp-json\/wp\/v2\/tags?post=40010"}],"curies":[{"name":"wp","href":"https:\/\/api.w.org\/{rel}","templated":true}]}}