{"id":40012,"date":"2019-06-11T13:59:00","date_gmt":"2019-06-11T17:59:00","guid":{"rendered":"https:\/\/linitiative.ca\/International\/90498-journee-sur-le-marche-du-sport-dans-le-monde-arabe-raouf-bernaoui-a-paris\/"},"modified":"2019-06-11T13:59:00","modified_gmt":"2019-06-11T17:59:00","slug":"90498-journee-sur-le-marche-du-sport-dans-le-monde-arabe-raouf-bernaoui-a-paris","status":"publish","type":"post","link":"https:\/\/linitiative.ca\/International\/90498-journee-sur-le-marche-du-sport-dans-le-monde-arabe-raouf-bernaoui-a-paris\/","title":{"rendered":"Journ\u00e9e sur le march\u00e9 du sport dans le monde arabe: Raouf Bernaoui \u00e0 Paris"},"content":{"rendered":"<div>\n<div class=\"K2FeedImage\"><img decoding=\"async\" src=\"http:\/\/www.aps.dz\/media\/k2\/items\/cache\/329bfd5798693d46e1d77cb44be66e35_S.jpg\" alt=\"Journ\u00e9e sur le march\u00e9 du sport dans le monde arabe: Raouf Bernaoui \u00e0 Paris\"><\/div>\n<div class=\"K2FeedIntroText\">\n<p><strong>PARIS &#8211; Le ministre de la Jeunesse et des Sports (MJS), Raouf Bernaoui, a pris part mardi \u00e0 Paris \u00e0 la 3\u00e8me \u00e9dition des rencontres \u00e9conomiques, organis\u00e9e par l\u2019Institut du monde arabe (IMA) sur le march\u00e9 du sport dans le monde arabe.<\/strong><\/p>\n<\/div>\n<div class=\"K2FeedFullText\">\n<p>Le ministre \u00e9tait accompagn\u00e9 du directeur g\u00e9n\u00e9ral du Comit\u00e9 d\u2019organisation des Jeux M\u00e9diterran\u00e9ens Oran-2021, Mohamed El-Morro, et du conseiller du pr\u00e9sident de la F\u00e9d\u00e9ration alg\u00e9rienne de football (FAF), charg\u00e9 de la communication, Salah-Bey Aboud.<\/p>\n<p>Outre le ministre alg\u00e9rien, ont \u00e9galement pris part \u00e0 cet \u00e9v\u00e9nement la ministre fran\u00e7aise des Sports, Roxana Maracineanu, et son homologue tunisienne Sonia Ben Cheikh.<\/p>\n<p>Il y a lieu de rappeler que cette journ\u00e9e d\u2019\u00e9changes et de d\u00e9bat intervient en lien avec l\u2019exposition organis\u00e9e par l\u2019IMA autour du \u00ab\u00a0Football dans le monde arabe\u00a0\u00bb qui consacre une place privil\u00e9gi\u00e9e \u00e0 la mythique \u00e9quipe de football du FLN et \u00e0 l&rsquo;\u00e9quipe nationale de 1982, \u00e0 l&rsquo;origine du changement de r\u00e8glement du d\u00e9roulement de la phase finale de la coupe du Monde.<\/p>\n<p>Intervenant dans une des tables-rondes, Mohamed El-Moro a pr\u00e9sent\u00e9 l\u2019\u00e9tat d\u2019avancement des pr\u00e9paratifs des prochains JM d&rsquo;Oran, assurant que l\u2019Alg\u00e9rie respectera ses engagements internationaux dans l\u2019organisation de cette \u00e9ch\u00e9ance sportive \u00ab\u00a0importante\u00a0\u00bb.<\/p>\n<p>Pour sa part, Salah-Bey Aboud a pass\u00e9 en revue les principaux projets de la FAF en mati\u00e8re de promotion de l\u2019histoire du football alg\u00e9rien, notamment en ce qui concerne le projet de cr\u00e9ation d\u2019un centre de documentation num\u00e9rique autour de ce sport roi.<\/p>\n<p>En marge des travaux, le MJS a eu des entretiens avec le pr\u00e9sident de l\u2019IMA, Jack Lang, et les ministres des Sports de la France et de la Tunisie. \u00ab\u00a0Les relations bilat\u00e9rales dans le domaine du sport ont \u00e9t\u00e9 abord\u00e9es\u00a0\u00bb, a-t-on indiqu\u00e9.<\/p>\n<p>Le ministre a visit\u00e9 par la suite l\u2019exposition sur le football et le monde arabe qu\u2019abrite l\u2019IMA jusqu&rsquo;au 21 juillet. Le football alg\u00e9rien, \u00e0 travers l&rsquo;histoire de la mythique \u00e9quipe du FLN (1958-1962) et l&rsquo;\u00e9pop\u00e9e de la s\u00e9lection alg\u00e9rienne de 1982, y est \u00e0 l&rsquo;honneur, rappelle-t-on.<\/p>\n<\/div>\n<p><img loading=\"lazy\" decoding=\"async\" src=\"http:\/\/feeds.feedburner.com\/~r\/aps-sport\/~4\/4zJWPgesgBY\" height=\"1\" width=\"1\" alt=\"\"><\/div>\n<p>Auteur:<br \/>\n<a href=\"http:\/\/www.aps.dz\/sport\/90498-journee-sur-le-marche-du-sport-dans-le-monde-arabe-raouf-bernaoui-a-paris?utm_source=feedburner&#038;utm_medium=feed&#038;utm_campaign=Feed%3A+aps-sport+%28APS+-+SPORT%29\">Cliquez ici pour lire l&rsquo;article depuis sa source.<\/a><\/p>\n","protected":false},"excerpt":{"rendered":"<p>PARIS &#8211; Le ministre de la Jeunesse et des Sports (MJS), Raouf Bernaoui, a pris part mardi \u00e0 Paris \u00e0 la 3\u00e8me \u00e9dition des rencontres \u00e9conomiques, organis\u00e9e par l\u2019Institut du monde arabe (IMA) sur le march\u00e9 du sport dans le monde arabe. Le ministre \u00e9tait accompagn\u00e9 du directeur g\u00e9n\u00e9ral du Comit\u00e9 d\u2019organisation des Jeux M\u00e9diterran\u00e9ens [&hellip;]<\/p>\n","protected":false},"author":1790,"featured_media":40013,"comment_status":"closed","ping_status":"closed","sticky":false,"template":"","format":"standard","meta":{"fifu_image_url":"","fifu_image_alt":"","footnotes":""},"categories":[53,75],"tags":[],"class_list":["post-40012","post","type-post","status-publish","format-standard","has-post-thumbnail","hentry","category-algerie","category-sport"],"_links":{"self":[{"href":"https:\/\/linitiative.ca\/International\/wp-json\/wp\/v2\/posts\/40012","targetHints":{"allow":["GET"]}}],"collection":[{"href":"https:\/\/linitiative.ca\/International\/wp-json\/wp\/v2\/posts"}],"about":[{"href":"https:\/\/linitiative.ca\/International\/wp-json\/wp\/v2\/types\/post"}],"author":[{"embeddable":true,"href":"https:\/\/linitiative.ca\/International\/wp-json\/wp\/v2\/users\/1790"}],"replies":[{"embeddable":true,"href":"https:\/\/linitiative.ca\/International\/wp-json\/wp\/v2\/comments?post=40012"}],"version-history":[{"count":0,"href":"https:\/\/linitiative.ca\/International\/wp-json\/wp\/v2\/posts\/40012\/revisions"}],"wp:featuredmedia":[{"embeddable":true,"href":"https:\/\/linitiative.ca\/International\/wp-json\/"}],"wp:attachment":[{"href":"https:\/\/linitiative.ca\/International\/wp-json\/wp\/v2\/media?parent=40012"}],"wp:term":[{"taxonomy":"category","embeddable":true,"href":"https:\/\/linitiative.ca\/International\/wp-json\/wp\/v2\/categories?post=40012"},{"taxonomy":"post_tag","embeddable":true,"href":"https:\/\/linitiative.ca\/International\/wp-json\/wp\/v2\/tags?post=40012"}],"curies":[{"name":"wp","href":"https:\/\/api.w.org\/{rel}","templated":true}]}}