{"id":40023,"date":"2019-06-11T14:12:00","date_gmt":"2019-06-11T18:12:00","guid":{"rendered":"https:\/\/linitiative.ca\/International\/la-fin-douyahia\/"},"modified":"2019-06-11T14:12:00","modified_gmt":"2019-06-11T18:12:00","slug":"la-fin-douyahia","status":"publish","type":"post","link":"https:\/\/linitiative.ca\/International\/la-fin-douyahia\/","title":{"rendered":"La fin d\u2019Ouyahia"},"content":{"rendered":"<p><br id=\"sep_para_1\" class=\"sep_para access\"\/><\/p>\n<div id=\"para_1\" class=\"para_31658846 resize\">\n<div class=\"texte access firstletter\">L\u2019ex-premier ministre, Ahmed Ouyahia est officiellement accus\u00e9 par la Cour Supr\u00eame pour corruption, d\u00e9tournement des deniers publics et blanchiment d\u2019argent. Convoqu\u00e9 ce mercredi par le juge instructeur de la Cour Supr\u00eame dans le cadre de ces affaires, il risque d\u2019\u00eatre plac\u00e9 sous mandat de d\u00e9p\u00f4t. \u00a0<br \/>Ahmed Ouyahia, devra plaider des charges retenues contre lui dans les actes d&rsquo;accusation et r\u00e9pondre\u00a0 sur les faits de corruption, dans lesquels, il a eu des r\u00f4les importants et les d\u00e9cisions ill\u00e9gales prises pour faire b\u00e9n\u00e9ficier des tiers d\u2019avantages indus, ainsi que l\u2019influence de l\u2019agent de l\u2019Etat pour la conclusion de contrats ayant caus\u00e9 un pr\u00e9judice \u00e0 l\u2019\u00e9conomie du pays. Ces lourdes charges retenues contre Ouyahia sont tellement importantes qu\u2019elles pr\u00e9cipitent son emprisonnement, auquel, il est expos\u00e9, ce mercredi.<br \/>Ahmed Ouyahia, l\u2019ancien \u2018\u2019\u2019homme propre\u2019\u2019 du s\u00e9rail, qui se croyait intouchable, l\u2019ordonnateur de la planche \u00e0 billet, l\u2019Emprisonneur des cadres int\u00e8gres et le cadenasseur des entreprises publiques durant la d\u00e9cennie noire, vient de subir le sort de ceux qu\u2019il a jet\u00e9 en prison. Et tout le peuple dans les quatre coins du pays se r\u00e9jouira de son arrestation, ce Peuple dont, il y\u2019a quelques ann\u00e9es alors, tout puissant en costume de premier ministre, avait qualifi\u00e9 de chien \u2018\u2019 Affame ton chien, il te suivra\u2019\u2019, lui interdisant par abaissement de ne pas manger le \u2018\u2019Yaourt\u2019\u2019.<br \/>Apr\u00e8s l\u2019affaire de Tahkout et Haddad, Ouyahia, devra revenir aux bancs des accus\u00e9s pour expliquer \u00e0 la justice, les dessous\u00a0 des cr\u00e9dits bancaires et des 75 millions d\u2019euros puis\u00e9s du Tr\u00e9sor public et\u00a0 a inject\u00e9 \u00e0 l\u2019une des\u00a0 soci\u00e9t\u00e9s de Kouninef pour compenser ses pertes financi\u00e8res , ainsi que les\u00a0 80 millions de dollars octroy\u00e9s par les banques \u00e0 son fils, en violation de la r\u00e9glementation en vigueur et avec quel coup de pouce , la soci\u00e9t\u00e9 \u2018\u2019Unidees \u2018\u2019qui appartient \u00e0 son fils Lamine Ouyahia avait d\u00e9croch\u00e9 en plein Hirak un march\u00e9 estim\u00e9 \u00e0 32 millions de Da.<br \/>Et la roue tourne, Il suffit d&rsquo;un morceau de viande corrompu \u00e0 l\u2019image de Tahkout pour g\u00e2ter le bouillon de toute la marmite de son gouvernement. Ainsi le vrai patron des Bus, qui a tant esquiv\u00e9 la corde de la justice, en exposant Tahkout \u00e0 la lumi\u00e8re et march\u00e9 dans l\u2019ombre de \u2018\u2019Moul Kiranes\u2019\u2019 vient de succomber au premier interrogatoire de la justice, qui a enlev\u00e9 le masque sur Ouyahia et les 40 voleurs !<br \/>\u00a0<\/div>\n<\/div>\n<p>Auteur: Riad<br \/>\n<a href=\"https:\/\/www.reflexiondz.net\/La-fin-d-Ouyahia_a56153.html\">Cliquez ici pour lire l&rsquo;article depuis sa source.<\/a><\/p>\n","protected":false},"excerpt":{"rendered":"<p>L\u2019ex-premier ministre, Ahmed Ouyahia est officiellement accus\u00e9 par la Cour Supr\u00eame pour corruption, d\u00e9tournement des deniers publics et blanchiment d\u2019argent. Convoqu\u00e9 ce mercredi par le juge instructeur de la Cour Supr\u00eame dans le cadre de ces affaires, il risque d\u2019\u00eatre plac\u00e9 sous mandat de d\u00e9p\u00f4t. \u00a0Ahmed Ouyahia, devra plaider des charges retenues contre lui dans [&hellip;]<\/p>\n","protected":false},"author":1740,"featured_media":0,"comment_status":"closed","ping_status":"closed","sticky":false,"template":"","format":"standard","meta":{"fifu_image_url":"","fifu_image_alt":"","footnotes":""},"categories":[53,76],"tags":[],"class_list":["post-40023","post","type-post","status-publish","format-standard","hentry","category-algerie","category-regions"],"_links":{"self":[{"href":"https:\/\/linitiative.ca\/International\/wp-json\/wp\/v2\/posts\/40023","targetHints":{"allow":["GET"]}}],"collection":[{"href":"https:\/\/linitiative.ca\/International\/wp-json\/wp\/v2\/posts"}],"about":[{"href":"https:\/\/linitiative.ca\/International\/wp-json\/wp\/v2\/types\/post"}],"author":[{"embeddable":true,"href":"https:\/\/linitiative.ca\/International\/wp-json\/wp\/v2\/users\/1740"}],"replies":[{"embeddable":true,"href":"https:\/\/linitiative.ca\/International\/wp-json\/wp\/v2\/comments?post=40023"}],"version-history":[{"count":0,"href":"https:\/\/linitiative.ca\/International\/wp-json\/wp\/v2\/posts\/40023\/revisions"}],"wp:attachment":[{"href":"https:\/\/linitiative.ca\/International\/wp-json\/wp\/v2\/media?parent=40023"}],"wp:term":[{"taxonomy":"category","embeddable":true,"href":"https:\/\/linitiative.ca\/International\/wp-json\/wp\/v2\/categories?post=40023"},{"taxonomy":"post_tag","embeddable":true,"href":"https:\/\/linitiative.ca\/International\/wp-json\/wp\/v2\/tags?post=40023"}],"curies":[{"name":"wp","href":"https:\/\/api.w.org\/{rel}","templated":true}]}}