{"id":40035,"date":"2019-06-11T11:35:00","date_gmt":"2019-06-11T15:35:00","guid":{"rendered":"https:\/\/linitiative.ca\/International\/premier-acquis-pour-la-tunisie-aux-assemblees-de-la-bad-a-malabo-125-millions-deuros-pour-de-nouveaux-produits-financiers-photos\/"},"modified":"2019-06-11T11:35:00","modified_gmt":"2019-06-11T15:35:00","slug":"premier-acquis-pour-la-tunisie-aux-assemblees-de-la-bad-a-malabo-125-millions-deuros-pour-de-nouveaux-produits-financiers-photos","status":"publish","type":"post","link":"https:\/\/linitiative.ca\/International\/premier-acquis-pour-la-tunisie-aux-assemblees-de-la-bad-a-malabo-125-millions-deuros-pour-de-nouveaux-produits-financiers-photos\/","title":{"rendered":"Premier acquis pour la Tunisie aux assembl\u00e9es de la BAD \u00e0 Malabo : 125 millions d\u2019euros pour de nouveaux produits financiers (Photos)"},"content":{"rendered":"<p><em><strong>Malabo, Guin\u00e9e Equatoriale \u2013 De l\u2019envoy\u00e9 sp\u00e9cial de Leaders, Taoufik Habaieb.<\/strong><\/em> Tout s\u2019acc\u00e9l\u00e8re rapidement. Premier acte fort en pr\u00e9- assembl\u00e9es annuelles du Groupe de la Banque africaine de D\u00e9veloppement (BAD) qui se tiennent cette semaine dans la capitale Equato-guin\u00e9enne, une table ronde de refinancement. Il s\u2019agit de la r\u00e9union des contributeurs au Fonds fiduciaire de Solidarit\u00e9 en Afrique, administr\u00e9 par la FAO. Entour\u00e9 de chefs d\u2019Etat et de gouvernement (Mauritanie, Eswatini\u2026), le pr\u00e9sident Equaoto-Guin\u00e9en, Obiang Nguema Mbasogo en a donn\u00e9 mardi \u00e0 midi le coup d\u2019envoi. Dirigeants d\u2019institutions, \u00e9conomiques, financi\u00e8res et humanitaires r\u00e9gionales et internationales, d\u2019agences sp\u00e9cialis\u00e9es de l\u2019ONU, gouverneurs de banques centrales et ministres, y ont activement pris part.<\/p>\n<p class=\"c2\"><img loading=\"lazy\" decoding=\"async\" src=\"\/uploads\/FCK_files\/Podium.jpg\" width=\"700\" height=\"427\" vspace=\"5\" hspace=\"5\" align=\"middle\" alt=\"\"\/><\/p>\n<p class=\"c2\"><img loading=\"lazy\" decoding=\"async\" src=\"\/uploads\/FCK_files\/Firs-First-Lady.jpg\" width=\"700\" height=\"427\" vspace=\"5\" hspace=\"5\" align=\"middle\" alt=\"\"\/><\/p>\n<p><img loading=\"lazy\" decoding=\"async\" src=\"\/uploads\/FCK_files\/Tarek.jpg\" width=\"225\" height=\"267\" vspace=\"5\" hspace=\"5\" align=\"left\" alt=\"\"\/><img loading=\"lazy\" decoding=\"async\" src=\"\/uploads\/FCK_files\/miniaziza.jpg\" width=\"225\" height=\"267\" vspace=\"5\" hspace=\"5\" align=\"left\" alt=\"\"\/>En attendant l\u2019ouverture officielle des assembl\u00e9es annuelles, mercredi matin, gouverneurs, ministres et experts sont depuis lundi \u00e0 pied d\u2019\u0153uvre dans une s\u00e9rie de r\u00e9unions pr\u00e9paratoires, d\u2019entretiens bilat\u00e9raux et de concertations. La Tunisie y sera repr\u00e9sent\u00e9e par une d\u00e9l\u00e9gation conduite par le ministre du D\u00e9veloppement, de l\u2019Investissement et de la Coop\u00e9ration internationale (MDCI). Jusque-l\u00e0 retenu \u00e0 Tunis (Tarek Bouhlel est en place, avec Aziza Chergui), il est annonc\u00e9 mercredi soir. D\u00e8s le jeudi matin, il aura \u00e0 attaquer par un acte important\u00a0: la signature de l\u2019accord de financement par la Banque africaine de D\u00e9veloppement (BAD) d\u2019un montant de 120 millions d\u2019euros en faveur de la modernisation du secteur financier.<\/p>\n<p class=\"c2\"><img loading=\"lazy\" decoding=\"async\" src=\"\/uploads\/FCK_files\/Canine.jpg\" width=\"700\" height=\"427\" vspace=\"5\" hspace=\"5\" align=\"middle\" alt=\"\"\/><\/p>\n<p>Il s\u2019agit de la deuxi\u00e8me phase du Programme d\u2019appui \u00e0 la modernisation du secteur financier (PAMSFI II) approuv\u00e9 par le conseil d\u2019administration de la BAD, le 16 mai dernier. \u00ab\u00a0Le Programme doit \u00e0 travers cette phase, indique la BAD, concourir \u00e0 l\u2019am\u00e9lioration du niveau d\u2019inclusion financi\u00e8re avec un impact positif attendu sur les personnes \u00e0 revenus irr\u00e9guliers, les jeunes cr\u00e9ateurs de start-ups, les PME en croissance ainsi que les grandes entreprises acc\u00e9dant aux march\u00e9s de capitaux. Il vise particuli\u00e8rement le renforcement du secteur priv\u00e9 \u00e0 la cr\u00e9ation d\u2019emploi dans l\u2019ensemble des r\u00e9gions du pays et \u00e0 inscrire les populations d\u00e9favoris\u00e9es dans une dynamique de d\u00e9veloppement cr\u00e9atrice de valeur ajout\u00e9e. Dans ce cadre, le programme appuiera la mise en place des produits de garantie pour les petites et moyennes entreprises (PME), facilitera l\u2019acc\u00e8s au financement des structures innovantes et aidera \u00e0 la mise en place du fonds de restructuration des PME qui ciblera 600 structures.\u00a0\u00bb<\/p>\n<p class=\"c2\"><img loading=\"lazy\" decoding=\"async\" src=\"\/uploads\/FCK_files\/Hotesse2.jpg\" width=\"700\" height=\"427\" vspace=\"5\" hspace=\"5\" align=\"middle\" alt=\"\"\/><br \/>\u00a0<img loading=\"lazy\" decoding=\"async\" src=\"\/uploads\/FCK_files\/Danse1.jpg\" width=\"700\" height=\"427\" vspace=\"5\" hspace=\"5\" align=\"middle\" alt=\"\"\/><\/p>\n<p>Auteur:<br \/>\n<a href=\"https:\/\/www.leaders.com.tn\/article\/27266-premier-acquis-pour-la-tunisie-aux-assemblees-de-la-bad-a-malabo-125-millions-d-euros-pour-de-nouveaux-produits-financiers\">Cliquez ici pour lire l&rsquo;article depuis sa source.<\/a><\/p>\n","protected":false},"excerpt":{"rendered":"<p>Malabo, Guin\u00e9e Equatoriale \u2013 De l\u2019envoy\u00e9 sp\u00e9cial de Leaders, Taoufik Habaieb. Tout s\u2019acc\u00e9l\u00e8re rapidement. Premier acte fort en pr\u00e9- assembl\u00e9es annuelles du Groupe de la Banque africaine de D\u00e9veloppement (BAD) qui se tiennent cette semaine dans la capitale Equato-guin\u00e9enne, une table ronde de refinancement. Il s\u2019agit de la r\u00e9union des contributeurs au Fonds fiduciaire de [&hellip;]<\/p>\n","protected":false},"author":1772,"featured_media":40036,"comment_status":"closed","ping_status":"closed","sticky":false,"template":"","format":"standard","meta":{"fifu_image_url":"","fifu_image_alt":"","footnotes":""},"categories":[73,55],"tags":[],"class_list":["post-40035","post","type-post","status-publish","format-standard","has-post-thumbnail","hentry","category-actualite","category-tunisie"],"_links":{"self":[{"href":"https:\/\/linitiative.ca\/International\/wp-json\/wp\/v2\/posts\/40035","targetHints":{"allow":["GET"]}}],"collection":[{"href":"https:\/\/linitiative.ca\/International\/wp-json\/wp\/v2\/posts"}],"about":[{"href":"https:\/\/linitiative.ca\/International\/wp-json\/wp\/v2\/types\/post"}],"author":[{"embeddable":true,"href":"https:\/\/linitiative.ca\/International\/wp-json\/wp\/v2\/users\/1772"}],"replies":[{"embeddable":true,"href":"https:\/\/linitiative.ca\/International\/wp-json\/wp\/v2\/comments?post=40035"}],"version-history":[{"count":0,"href":"https:\/\/linitiative.ca\/International\/wp-json\/wp\/v2\/posts\/40035\/revisions"}],"wp:featuredmedia":[{"embeddable":true,"href":"https:\/\/linitiative.ca\/International\/wp-json\/"}],"wp:attachment":[{"href":"https:\/\/linitiative.ca\/International\/wp-json\/wp\/v2\/media?parent=40035"}],"wp:term":[{"taxonomy":"category","embeddable":true,"href":"https:\/\/linitiative.ca\/International\/wp-json\/wp\/v2\/categories?post=40035"},{"taxonomy":"post_tag","embeddable":true,"href":"https:\/\/linitiative.ca\/International\/wp-json\/wp\/v2\/tags?post=40035"}],"curies":[{"name":"wp","href":"https:\/\/api.w.org\/{rel}","templated":true}]}}