{"id":40037,"date":"2019-06-11T14:00:00","date_gmt":"2019-06-11T18:00:00","guid":{"rendered":"https:\/\/linitiative.ca\/International\/cette-nouvelle-tyrannie-qui-se-nomme-politiquement-correct\/"},"modified":"2019-06-11T14:00:00","modified_gmt":"2019-06-11T18:00:00","slug":"cette-nouvelle-tyrannie-qui-se-nomme-politiquement-correct","status":"publish","type":"post","link":"https:\/\/linitiative.ca\/International\/cette-nouvelle-tyrannie-qui-se-nomme-politiquement-correct\/","title":{"rendered":"Cette nouvelle tyrannie qui se nomme \u00abpolitiquement correct\u00bb!"},"content":{"rendered":"<p><img decoding=\"async\" src=\"\/uploads\/FCK_files\/Hedi-Behi(32).jpg\" alt=\"\" width=\"28%\" vspace=\"5\" hspace=\"5\" align=\"left\"\/>Sommes-nous aujourd&rsquo;hui vraiement libres de tout dire et \u00e9crire, d\u2019exprimer des opinions qui ne soient pas partag\u00e9es par la multitude, de dire non l\u00e0 o\u00f9 le oui est l\u2019opinion dominante ?\u00a0 Il peut para\u00eetre saugrenu de se poser ces questions alors que la presse tunisienne jouit d\u00a0\u00bbune libert\u00e9 totale depuis la r\u00e9volution. Pourtant, je me surprends souvent \u00e0 m\u2019autocensurer, \u00e0 biffer des mots, \u00e0 mod\u00e9rer certains jugements rien que pour rester dans l\u2019air du temps et ne pas choquer.<\/p>\n<p>A chaque p\u00e9riode, son politiquement correct, cette tyrannie qui ne dit pas son nom, une tyrannie d&rsquo;autant plus nocive qu&rsquo;elle est librement consentie. Il n\u2019y a pas de risque p\u00e9nal quand on ne s\u2019y soumet pas, mais on est mis au ban de la soci\u00e9t\u00e9 pour avoir viol\u00e9 les principes du contrat social. Dress\u00e9s dans la pens\u00e9e unique, on s\u2019est tr\u00e8s vite accommod\u00e9s de cette loi non \u00e9crite. Une fois de plus, la facult\u00e9 d&rsquo;adaptation des Tunisiens fait merveille ! On \u00e9tait des b\u00e9ni-oui-oui, nous voil\u00e0 devenus des b\u00e9ni-non-non. Tout simplement parce qu\u2019il fallait se conformer \u00e0 l\u2019id\u00e9ologie dominante qui consiste aujourd&rsquo;hui, notamment \u00e0 ridiculiser les ministres \u00e0 l&rsquo;Assembl\u00e9e, \u00e0 humiler le chef de Gouvernement, \u00e0 diffuser de fausses nouvelles sur les r\u00e9seaux sociaux pour alimenter la sinitrose, \u00e0 id\u00e9aliser des pays qui sont en r\u00e9alit\u00e9 au mieux des anti-mod\u00e8les pour nous, \u00e0 subir sans broncher les caprices de l&rsquo;Ugtt quoi qu&rsquo;elle fasse parce qu&rsquo;il n&rsquo;est pas de bon ton de s&rsquo;attaquer \u00e0 la classe ouvri\u00e8re. Ce sont l\u00e0, les \u00e9l\u00e9ments du nouveau \u00abpolitiquement correct\u00bb, cette novlangue o\u00f9 les mots de patriotisme, respect (de l&rsquo;Etat et de ses repr\u00e9sentants), culture du travail ont \u00e9t\u00e9 bannis pour \u00eatre remplac\u00e9s par sit in, gr\u00e8ves, irrespect des institutions et haine de l&rsquo;Etat.<\/p>\n<p>\u00abSemblable aux animaux, l\u2019homme est naturellement imitatif. L\u2019imitation. Qu\u2019il s\u2019agisse d\u2019opinions, d\u2019id\u00e9es, de manifestations litt\u00e9raires ou simplement de costumes, combien osent se soustraire \u00e0 son empire (&#8230;). Avec des mod\u00e8les, on guide les foules. A chaque \u00e9poque, un petit nombre d\u2019individualit\u00e9s que la masse inconsciente imite\u00bb, notait d\u00e9j\u00e0 Gustave Le Bon, il y a plus d&rsquo;un si\u00e8cle. \u00abCe petit nombre d&rsquo;individualit\u00e9s\u00bb, ce sont nos chroniqueurs, \u00abcette aristocratie ouvri\u00e8re\u00bb qui jouent aujourd&rsquo;hui le r\u00f4le de directeur de conscience.Incollables, ils ont r\u00e9ponse \u00e0 tout et d\u00e9fendent leurs id\u00e9es avec une force de conviction et de persuasion peu commune. On a fait certes une r\u00e9volution, mais on n&rsquo;est pas pr\u00e8s de sortir de la servitude volontaire.<\/p>\n<p class=\"c2\"><strong>H.B<\/strong><br \/>\u00a0<\/p>\n<p>Auteur:<br \/>\n<a href=\"https:\/\/www.leaders.com.tn\/article\/27261-cette-nouvelle-tyrannie-qui-se-nomme-politiquement-correct\">Cliquez ici pour lire l&rsquo;article depuis sa source.<\/a><\/p>\n","protected":false},"excerpt":{"rendered":"<p>Sommes-nous aujourd&rsquo;hui vraiement libres de tout dire et \u00e9crire, d\u2019exprimer des opinions qui ne soient pas partag\u00e9es par la multitude, de dire non l\u00e0 o\u00f9 le oui est l\u2019opinion dominante ?\u00a0 Il peut para\u00eetre saugrenu de se poser ces questions alors que la presse tunisienne jouit d\u00a0\u00bbune libert\u00e9 totale depuis la r\u00e9volution. Pourtant, je me [&hellip;]<\/p>\n","protected":false},"author":1772,"featured_media":40038,"comment_status":"closed","ping_status":"closed","sticky":false,"template":"","format":"standard","meta":{"fifu_image_url":"","fifu_image_alt":"","footnotes":""},"categories":[73,55],"tags":[],"class_list":["post-40037","post","type-post","status-publish","format-standard","has-post-thumbnail","hentry","category-actualite","category-tunisie"],"_links":{"self":[{"href":"https:\/\/linitiative.ca\/International\/wp-json\/wp\/v2\/posts\/40037","targetHints":{"allow":["GET"]}}],"collection":[{"href":"https:\/\/linitiative.ca\/International\/wp-json\/wp\/v2\/posts"}],"about":[{"href":"https:\/\/linitiative.ca\/International\/wp-json\/wp\/v2\/types\/post"}],"author":[{"embeddable":true,"href":"https:\/\/linitiative.ca\/International\/wp-json\/wp\/v2\/users\/1772"}],"replies":[{"embeddable":true,"href":"https:\/\/linitiative.ca\/International\/wp-json\/wp\/v2\/comments?post=40037"}],"version-history":[{"count":0,"href":"https:\/\/linitiative.ca\/International\/wp-json\/wp\/v2\/posts\/40037\/revisions"}],"wp:featuredmedia":[{"embeddable":true,"href":"https:\/\/linitiative.ca\/International\/wp-json\/"}],"wp:attachment":[{"href":"https:\/\/linitiative.ca\/International\/wp-json\/wp\/v2\/media?parent=40037"}],"wp:term":[{"taxonomy":"category","embeddable":true,"href":"https:\/\/linitiative.ca\/International\/wp-json\/wp\/v2\/categories?post=40037"},{"taxonomy":"post_tag","embeddable":true,"href":"https:\/\/linitiative.ca\/International\/wp-json\/wp\/v2\/tags?post=40037"}],"curies":[{"name":"wp","href":"https:\/\/api.w.org\/{rel}","templated":true}]}}