{"id":40039,"date":"2019-06-11T15:30:00","date_gmt":"2019-06-11T19:30:00","guid":{"rendered":"https:\/\/linitiative.ca\/International\/haica-decide-de-limiter-la-collecte-de-dons-ainsi-que-linformation-religieuse-aux-medias-publics\/"},"modified":"2019-06-11T15:30:00","modified_gmt":"2019-06-11T19:30:00","slug":"haica-decide-de-limiter-la-collecte-de-dons-ainsi-que-linformation-religieuse-aux-medias-publics","status":"publish","type":"post","link":"https:\/\/linitiative.ca\/International\/haica-decide-de-limiter-la-collecte-de-dons-ainsi-que-linformation-religieuse-aux-medias-publics\/","title":{"rendered":"Haica d\u00e9cide de limiter la collecte de dons ainsi que l&rsquo;information religieuse aux m\u00e9dias publics"},"content":{"rendered":"<p>Le bureau de la Haica a pris des d\u00e9cisions importantes lundi lors de sa r\u00e9union p\u00e9riodique, notamment limiter la collecte des dons\u00a0 pour les actions caritatives aux m\u00e9dias publics \u00e0 l\u2019exception de tous les autres organes. Selon Hichem Senoussi membre de la Haica, il s\u2019agit de pr\u00e9venir l\u2019instrumentalisation de ces op\u00e9rations \u00e0 des fins \u00e9lectorales et de mettre fin \u00e0 des pratiques qui constituent une exception tunisienne et risquent d\u2019ancrer une culture de la mendicit\u00e9 en plus du fait qu&rsquo;elles constituent une atteinte \u00e0 la dignit\u00e9 humaine.<br \/>La deuxi\u00e8me d\u00e9cision est d&rsquo;ajouter un nouveau point au cahier de charges qui est de limiter l\u2019information religieuse aux seuls organes publics. Ainsi, en cas de cession de la radio Zitouna \u00e0 des priv\u00e9s, la licence accord\u00e9e \u00e0 cette radio deviendra caduque.<\/p>\n<p>A la question de savoir pourquoi ces d\u00e9cisions ont tard\u00e9, le membre de la Ha\u00efca a pr\u00e9cis\u00e9\u00a0 qu&rsquo;elles ont \u00e9t\u00e9 prises depuis longtemps, mais n&rsquo;ont pu \u00eatre ex\u00e9cut\u00e9s, tout en ajoutant qu&rsquo;il s&rsquo;agit de textes r\u00e8glementaires qui seront ex\u00e9cutoires d\u00e8s leur publication sur le journal officiel, ce qui, selon lui, ne saurait tarder.<\/p>\n<p>Auteur:<br \/>\n<a href=\"https:\/\/www.leaders.com.tn\/article\/27268-haica-decide-de-limiter-la-collecte-de-dons-ainsi-que-l-information-religieuse-aux-medias-publics\">Cliquez ici pour lire l&rsquo;article depuis sa source.<\/a><\/p>\n","protected":false},"excerpt":{"rendered":"<p>Le bureau de la Haica a pris des d\u00e9cisions importantes lundi lors de sa r\u00e9union p\u00e9riodique, notamment limiter la collecte des dons\u00a0 pour les actions caritatives aux m\u00e9dias publics \u00e0 l\u2019exception de tous les autres organes. Selon Hichem Senoussi membre de la Haica, il s\u2019agit de pr\u00e9venir l\u2019instrumentalisation de ces op\u00e9rations \u00e0 des fins \u00e9lectorales [&hellip;]<\/p>\n","protected":false},"author":1772,"featured_media":0,"comment_status":"closed","ping_status":"closed","sticky":false,"template":"","format":"standard","meta":{"fifu_image_url":"","fifu_image_alt":"","footnotes":""},"categories":[73,55],"tags":[],"class_list":["post-40039","post","type-post","status-publish","format-standard","hentry","category-actualite","category-tunisie"],"_links":{"self":[{"href":"https:\/\/linitiative.ca\/International\/wp-json\/wp\/v2\/posts\/40039","targetHints":{"allow":["GET"]}}],"collection":[{"href":"https:\/\/linitiative.ca\/International\/wp-json\/wp\/v2\/posts"}],"about":[{"href":"https:\/\/linitiative.ca\/International\/wp-json\/wp\/v2\/types\/post"}],"author":[{"embeddable":true,"href":"https:\/\/linitiative.ca\/International\/wp-json\/wp\/v2\/users\/1772"}],"replies":[{"embeddable":true,"href":"https:\/\/linitiative.ca\/International\/wp-json\/wp\/v2\/comments?post=40039"}],"version-history":[{"count":0,"href":"https:\/\/linitiative.ca\/International\/wp-json\/wp\/v2\/posts\/40039\/revisions"}],"wp:attachment":[{"href":"https:\/\/linitiative.ca\/International\/wp-json\/wp\/v2\/media?parent=40039"}],"wp:term":[{"taxonomy":"category","embeddable":true,"href":"https:\/\/linitiative.ca\/International\/wp-json\/wp\/v2\/categories?post=40039"},{"taxonomy":"post_tag","embeddable":true,"href":"https:\/\/linitiative.ca\/International\/wp-json\/wp\/v2\/tags?post=40039"}],"curies":[{"name":"wp","href":"https:\/\/api.w.org\/{rel}","templated":true}]}}