{"id":40044,"date":"2019-06-11T06:43:19","date_gmt":"2019-06-11T10:43:19","guid":{"rendered":"https:\/\/linitiative.ca\/International\/tibu-maroc-le-basket-au-service-de-linsertion-sociale\/"},"modified":"2019-06-11T06:43:19","modified_gmt":"2019-06-11T10:43:19","slug":"tibu-maroc-le-basket-au-service-de-linsertion-sociale","status":"publish","type":"post","link":"https:\/\/linitiative.ca\/International\/tibu-maroc-le-basket-au-service-de-linsertion-sociale\/","title":{"rendered":"Tibu Maroc : le basket au service de l\u2019insertion sociale"},"content":{"rendered":"<p>L\u2019ONG marocaine TIBU Maroc a d\u00e9voil\u00e9, lundi \u00e0 Casablanca, l\u2019initiative \u00ab\u00a0<strong>Intilaqa<\/strong>\u00a0\u00bb qui, \u00e0 l\u2019image de ses pr\u00e9d\u00e9cesseurs, consiste en un programme complet de formation qui gravite autour de l\u2019employabilit\u00e9 des jeunes en situation de NEET (Neither in Education, Employment nor Training) par le sport.<\/p>\n<div class=\"c10\"\/>\n<p>Lors d\u2019un point de presse d\u00e9di\u00e9 \u00e0 la pr\u00e9sentation de ce projet lanc\u00e9 avec le soutien de la Fondation Drosos, le pr\u00e9sident et fondateur de l\u2019organisation TIBU Maroc Mohamed Amine Zariat a expliqu\u00e9 que ce programme d\u2019employabilit\u00e9 des jeunes par le sport se d\u00e9cline en trois axes.<\/p>\n<p>Le premier porte sur la formation en alternance et l\u2019acquisition de comp\u00e9tences techniques et comportementales pour permettre aux jeunes de b\u00e9n\u00e9ficier d\u2019une panoplie de cours, \u00e0 la fois th\u00e9oriques et pratiques, a-t-il dit, pr\u00e9cisant que trois formations (technique, linguistique et digitale) seront sanctionn\u00e9es par un dipl\u00f4me.<\/p>\n<p>Parall\u00e8lement, les b\u00e9n\u00e9ficiaires auront droit \u00e0 une formation en management et en ressources humaines, et d\u2019une autre en leadership et d\u00e9veloppement personnel, en plus d\u2019un s\u00e9minaire sur l\u2019entreprenariat social sportif.<\/p>\n<p>M. Zariat a soulign\u00e9 \u00e9galement que le deuxi\u00e8me axe se focalise sur l\u2019exp\u00e9rience professionnelle dans les programmes d\u2019\u00e9ducation par le sport et permettra aux b\u00e9n\u00e9ficiaires de mieux cerner les contours de l\u2019employabilit\u00e9 et de s\u2019auto-\u00e9valuer quant \u00e0 leur ma\u00eetrise des comp\u00e9tences acquises, ainsi que de d\u00e9velopper des comp\u00e9tences nouvelles, voire compl\u00e9mentaires \u00e0 celles qui leurs ont \u00e9t\u00e9 inculqu\u00e9es lors de la formation th\u00e9orique, alors que le troisi\u00e8me axe porte sur l\u2019accompagnement des jeunes dans le processus d\u2019insertion professionnelle, \u00e0 travers des stages et des ateliers. A ce propos, des ateliers d\u2019accompagnement orient\u00e9s vers les m\u00e9tiers du sport sont au programme.<\/p>\n<p>Pour sa part, le directeur de la Fondation Drosos Maroc &#038; Tunisie, Fyras Mawazini, a indiqu\u00e9 que \u00a0\u00bbla Fondation est fi\u00e8re de s\u2019engager et de soutenir notre nouveau partenaire TIBU Maroc dans la mise en place du projet Intilaqa\u00a0\u00bb qui pr\u00e9sente de \u00a0\u00bbnouvelles opportunit\u00e9s d\u2019emploi pour les jeunes au Maroc dans les m\u00e9tiers du sport\u00a0\u00bb.<\/p>\n<p>Il a expliqu\u00e9 que ce projet, en plus d\u2019\u00eatre innovant dans son approche avec une formation bas\u00e9e sur le sport, explore le potentiel et la motivation de presque 200 jeunes pour se former et travailler durablement dans un secteur porteur d\u2019avenir, celui des industries sportives.<\/p>\n<p>Dans un premier temps, le programme en question sera d\u00e9ploy\u00e9 en faveur des jeunes issus des quartiers d\u00e9favoris\u00e9s de Casablanca, dont l\u2019\u00e2ge est compris entre 18 et 25 ans. Le niveau scolaire des candidats doit se situer entre le tronc commun au minimum et le niveau baccalaur\u00e9at au maximum. Aussi, ils doivent pr\u00e9alablement avoir une passion pour le sport, toutes disciplines confondues, avec une exp\u00e9rience dans une association de quartier, un club ou tout simplement lors de leur scolarisation.<\/p>\n<div class=\"c17\">\n<fieldset class=\"c16\">\n<legend><strong><span class=\"c11\">Challenge<\/span><span class=\"c12\">news<\/span><\/strong><\/legend>\n<div class=\"c15\">Le meilleur de la r\u00e9daction s\u00e9lectionn\u00e9 par Challenge :<\/p>\n<\/div>\n<\/fieldset>\n<\/div>\n<p>Auteur: challenge<br \/>\n<a href=\"https:\/\/www.challenge.ma\/tibu-maroc-le-basket-au-service-de-linsertion-sociale-110490\/\">Cliquez ici pour lire l&rsquo;article depuis sa source.<\/a><\/p>\n","protected":false},"excerpt":{"rendered":"<p>L\u2019ONG marocaine TIBU Maroc a d\u00e9voil\u00e9, lundi \u00e0 Casablanca, l\u2019initiative \u00ab\u00a0Intilaqa\u00a0\u00bb qui, \u00e0 l\u2019image de ses pr\u00e9d\u00e9cesseurs, consiste en un programme complet de formation qui gravite autour de l\u2019employabilit\u00e9 des jeunes en situation de NEET (Neither in Education, Employment nor Training) par le sport. Lors d\u2019un point de presse d\u00e9di\u00e9 \u00e0 la pr\u00e9sentation de ce [&hellip;]<\/p>\n","protected":false},"author":1787,"featured_media":0,"comment_status":"closed","ping_status":"closed","sticky":false,"template":"","format":"standard","meta":{"fifu_image_url":"","fifu_image_alt":"","footnotes":""},"categories":[78,54],"tags":[],"class_list":["post-40044","post","type-post","status-publish","format-standard","hentry","category-economie","category-maroc"],"_links":{"self":[{"href":"https:\/\/linitiative.ca\/International\/wp-json\/wp\/v2\/posts\/40044","targetHints":{"allow":["GET"]}}],"collection":[{"href":"https:\/\/linitiative.ca\/International\/wp-json\/wp\/v2\/posts"}],"about":[{"href":"https:\/\/linitiative.ca\/International\/wp-json\/wp\/v2\/types\/post"}],"author":[{"embeddable":true,"href":"https:\/\/linitiative.ca\/International\/wp-json\/wp\/v2\/users\/1787"}],"replies":[{"embeddable":true,"href":"https:\/\/linitiative.ca\/International\/wp-json\/wp\/v2\/comments?post=40044"}],"version-history":[{"count":0,"href":"https:\/\/linitiative.ca\/International\/wp-json\/wp\/v2\/posts\/40044\/revisions"}],"wp:attachment":[{"href":"https:\/\/linitiative.ca\/International\/wp-json\/wp\/v2\/media?parent=40044"}],"wp:term":[{"taxonomy":"category","embeddable":true,"href":"https:\/\/linitiative.ca\/International\/wp-json\/wp\/v2\/categories?post=40044"},{"taxonomy":"post_tag","embeddable":true,"href":"https:\/\/linitiative.ca\/International\/wp-json\/wp\/v2\/tags?post=40044"}],"curies":[{"name":"wp","href":"https:\/\/api.w.org\/{rel}","templated":true}]}}