{"id":40055,"date":"2019-06-11T13:30:47","date_gmt":"2019-06-11T17:30:47","guid":{"rendered":"https:\/\/linitiative.ca\/International\/tennis-tournoi-de-shymkent-malek-jaziri-en-huitiemes-de-finale\/"},"modified":"2019-06-11T13:30:47","modified_gmt":"2019-06-11T17:30:47","slug":"tennis-tournoi-de-shymkent-malek-jaziri-en-huitiemes-de-finale","status":"publish","type":"post","link":"https:\/\/linitiative.ca\/International\/tennis-tournoi-de-shymkent-malek-jaziri-en-huitiemes-de-finale\/","title":{"rendered":"Tennis-Tournoi de Shymkent : Malek Jaziri en huiti\u00e8mes de finale"},"content":{"rendered":"<div class=\"nc_socialPanel swp_flatFresh swp_d_fullColor swp_i_fullColor swp_o_fullColor scale-100 scale-fullWidth\" data-position=\"none\" data-float=\"floatNone\" data-count=\"5\" data-floatcolor=\"#ffffff\" data-emphasize=\"0\">\n<div class=\"nc_tweetContainer totes totesalt\" data-id=\"6\"><span class=\"swp_count\"><span class=\"swp_label\">Partages<\/span> 0<\/span><\/div>\n<\/div>\n<p><span class=\"TextRun SCXW131677941 BCX0\" lang=\"FR-FR\" xml:lang=\"FR-FR\"><span class=\"NormalTextRun SCXW131677941 BCX0\">Le tennisman tunisien Malek\u00a0<\/span><\/span><span class=\"TextRun SCXW131677941 BCX0\" lang=\"FR-FR\" xml:lang=\"FR-FR\"><span class=\"SpellingError SCXW131677941 BCX0\">Jaziri<\/span><\/span><span class=\"TextRun SCXW131677941 BCX0\" lang=\"FR-FR\" xml:lang=\"FR-FR\"><span class=\"NormalTextRun SCXW131677941 BCX0\">\u00a0s\u2019est qualifi\u00e9 mardi, pour les huiti\u00e8mes de finale du tournoi de\u00a0<\/span><\/span><span class=\"TextRun SCXW131677941 BCX0\" lang=\"FR-FR\" xml:lang=\"FR-FR\"><span class=\"SpellingError SCXW131677941 BCX0\">Shymkent<\/span><\/span><span class=\"TextRun SCXW131677941 BCX0\" lang=\"FR-FR\" xml:lang=\"FR-FR\"><span class=\"NormalTextRun SCXW131677941 BCX0\">\u00a0au Kazakhstan, apr\u00e8s avoir balay\u00e9 l\u2019Argentin Andrea\u00a0<\/span><\/span><span class=\"TextRun SCXW131677941 BCX0\" lang=\"FR-FR\" xml:lang=\"FR-FR\"><span class=\"SpellingError SCXW131677941 BCX0\">Collarini<\/span><\/span><span class=\"TextRun SCXW131677941 BCX0\" lang=\"FR-FR\" xml:lang=\"FR-FR\"><span class=\"NormalTextRun SCXW131677941 BCX0\">\u00a0(328e) en deux sets (6-4, 6-3).<\/span><\/span><span class=\"LineBreakBlob BlobObject DragDrop SCXW131677941 BCX0\"><span class=\"SCXW131677941 BCX0\">\u00a0<\/span><br class=\"SCXW131677941 BCX0\"\/><\/span><span class=\"TextRun SCXW131677941 BCX0\" lang=\"FR-FR\" xml:lang=\"FR-FR\"><span class=\"SpellingError SCXW131677941 BCX0\">Jaziri<\/span><span class=\"NormalTextRun SCXW131677941 BCX0\">\u00a0<\/span><\/span><span class=\"TextRun SCXW131677941 BCX0\" lang=\"FR-FR\" xml:lang=\"FR-FR\"><span class=\"NormalTextRun SCXW131677941 BCX0\">(98e mondial)<\/span><\/span><span class=\"TextRun SCXW131677941 BCX0\" lang=\"FR-FR\" xml:lang=\"FR-FR\"><span class=\"NormalTextRun SCXW131677941 BCX0\">\u00a0affrontera au prochain tour l\u2019Espagnol, Daniel\u00a0<\/span><\/span><span class=\"TextRun SCXW131677941 BCX0\" lang=\"FR-FR\" xml:lang=\"FR-FR\"><span class=\"SpellingError SCXW131677941 BCX0\">Jimeno<\/span><\/span><span class=\"TextRun SCXW131677941 BCX0\" lang=\"FR-FR\" xml:lang=\"FR-FR\"><span class=\"NormalTextRun SCXW131677941 BCX0\">\u00a0(261e) tombeur de l\u2019am\u00e9ricain,\u00a0<\/span><\/span><span class=\"TextRun SCXW131677941 BCX0\" lang=\"FR-FR\" xml:lang=\"FR-FR\"><span class=\"SpellingError SCXW131677941 BCX0\">Evan<\/span><\/span><span class=\"TextRun SCXW131677941 BCX0\" lang=\"FR-FR\" xml:lang=\"FR-FR\"><span class=\"NormalTextRun SCXW131677941 BCX0\">\u00a0King (316e) (6-3, 6-1, 7-5).<\/span><\/span><span class=\"LineBreakBlob BlobObject DragDrop SCXW131677941 BCX0\"><span class=\"SCXW131677941 BCX0\">\u00a0<\/span><br class=\"SCXW131677941 BCX0\"\/><\/span><span class=\"TextRun SCXW131677941 BCX0\" lang=\"FR-FR\" xml:lang=\"FR-FR\"><span class=\"NormalTextRun SCXW131677941 BCX0\">L\u2019autre repr\u00e9sentant tunisien, Skander Mansouri (443e mondial) a \u00e9t\u00e9 \u00e9limin\u00e9 d\u00e8s le premier tour par l\u2019am\u00e9ricain, Sebastian Korda (396e) (4-6, 2-6).<\/span><\/span><span class=\"EOP SCXW131677941 BCX0\">\u00a0<\/span><\/p>\n<div class=\"mvp-org-wrap mvp-org-logo\" itemprop=\"publisher\" itemscope=\"\" itemtype=\"https:\/\/schema.org\/Organization\"><img decoding=\"async\" src=\"https:\/\/sport.tunisienumerique.com\/wp-content\/uploads\/2017\/05\/logo_tunisie_numerique.png\"\/><\/div>\n<div class=\"nc_socialPanel swp_flatFresh swp_d_fullColor swp_i_fullColor swp_o_fullColor scale-100 scale-fullWidth\" data-position=\"none\" data-float=\"floatNone\" data-count=\"5\" data-floatcolor=\"#ffffff\" data-emphasize=\"0\">\n<div class=\"nc_tweetContainer totes totesalt\" data-id=\"6\"><span class=\"swp_count\"><span class=\"swp_label\">Partages<\/span> 0<\/span><\/div>\n<\/div>\n<div class=\"mvp-related-posts left relative\">\n<h4 class=\"post-header\"><span class=\"post-header\">Lire aussi<\/span><\/h4>\n<\/div>\n<p>Auteur: a.<br \/>\n<a href=\"https:\/\/sport.tunisienumerique.com\/tennis-tournoi-de-shymkent-malek-jaziri-huitiemes-de-finale\/\">Cliquez ici pour lire l&rsquo;article depuis sa source.<\/a><\/p>\n","protected":false},"excerpt":{"rendered":"<p>Partages 0 Le tennisman tunisien Malek\u00a0Jaziri\u00a0s\u2019est qualifi\u00e9 mardi, pour les huiti\u00e8mes de finale du tournoi de\u00a0Shymkent\u00a0au Kazakhstan, apr\u00e8s avoir balay\u00e9 l\u2019Argentin Andrea\u00a0Collarini\u00a0(328e) en deux sets (6-4, 6-3).\u00a0Jaziri\u00a0(98e mondial)\u00a0affrontera au prochain tour l\u2019Espagnol, Daniel\u00a0Jimeno\u00a0(261e) tombeur de l\u2019am\u00e9ricain,\u00a0Evan\u00a0King (316e) (6-3, 6-1, 7-5).\u00a0L\u2019autre repr\u00e9sentant tunisien, Skander Mansouri (443e mondial) a \u00e9t\u00e9 \u00e9limin\u00e9 d\u00e8s le premier tour par l\u2019am\u00e9ricain, [&hellip;]<\/p>\n","protected":false},"author":1789,"featured_media":40056,"comment_status":"closed","ping_status":"closed","sticky":false,"template":"","format":"standard","meta":{"fifu_image_url":"","fifu_image_alt":"","footnotes":""},"categories":[73,55],"tags":[],"class_list":["post-40055","post","type-post","status-publish","format-standard","has-post-thumbnail","hentry","category-actualite","category-tunisie"],"_links":{"self":[{"href":"https:\/\/linitiative.ca\/International\/wp-json\/wp\/v2\/posts\/40055","targetHints":{"allow":["GET"]}}],"collection":[{"href":"https:\/\/linitiative.ca\/International\/wp-json\/wp\/v2\/posts"}],"about":[{"href":"https:\/\/linitiative.ca\/International\/wp-json\/wp\/v2\/types\/post"}],"author":[{"embeddable":true,"href":"https:\/\/linitiative.ca\/International\/wp-json\/wp\/v2\/users\/1789"}],"replies":[{"embeddable":true,"href":"https:\/\/linitiative.ca\/International\/wp-json\/wp\/v2\/comments?post=40055"}],"version-history":[{"count":0,"href":"https:\/\/linitiative.ca\/International\/wp-json\/wp\/v2\/posts\/40055\/revisions"}],"wp:featuredmedia":[{"embeddable":true,"href":"https:\/\/linitiative.ca\/International\/wp-json\/"}],"wp:attachment":[{"href":"https:\/\/linitiative.ca\/International\/wp-json\/wp\/v2\/media?parent=40055"}],"wp:term":[{"taxonomy":"category","embeddable":true,"href":"https:\/\/linitiative.ca\/International\/wp-json\/wp\/v2\/categories?post=40055"},{"taxonomy":"post_tag","embeddable":true,"href":"https:\/\/linitiative.ca\/International\/wp-json\/wp\/v2\/tags?post=40055"}],"curies":[{"name":"wp","href":"https:\/\/api.w.org\/{rel}","templated":true}]}}