{"id":40057,"date":"2019-06-11T13:56:43","date_gmt":"2019-06-11T17:56:43","guid":{"rendered":"https:\/\/linitiative.ca\/International\/tunisie-sfax-trois-voitures-carbonisees-dans-lincendie-dun-atelier-de-tolerie\/"},"modified":"2019-06-11T13:56:43","modified_gmt":"2019-06-11T17:56:43","slug":"tunisie-sfax-trois-voitures-carbonisees-dans-lincendie-dun-atelier-de-tolerie","status":"publish","type":"post","link":"https:\/\/linitiative.ca\/International\/tunisie-sfax-trois-voitures-carbonisees-dans-lincendie-dun-atelier-de-tolerie\/","title":{"rendered":"Tunisie \u2013 Sfax\u00a0: Trois voitures carbonis\u00e9es dans l\u2019incendie d\u2019un atelier de t\u00f4lerie"},"content":{"rendered":"<div class=\"post-cont-in left relative\">\n<div class=\"swp_social_panel swp_horizontal_panel swp_flat_fresh swp_default_full_color swp_individual_full_color swp_other_full_color scale-100 scale-\" data-min-width=\"1100\" data-float-color=\"#ffffff\" data-float=\"none\" data-float-mobile=\"none\" data-transition=\"slide\">\n<div class=\"nc_tweetContainer swp_share_button total_shares total_sharesalt\"><span class=\"swp_count\">29 <span class=\"swp_label\">Partages<\/span><\/span><\/div>\n<\/div>\n<p>Un incendie s\u2019est d\u00e9clar\u00e9, ce mardi apr\u00e8s midi, dans un atelier de t\u00f4lerie et peinture, dans la r\u00e9gion de Saltanya, \u00e0 Sfax.<\/p>\n<p>L\u2019incendie a compl\u00e8tement d\u00e9truit trois voitures qui \u00e9taient dans le garage et qui ont \u00e9t\u00e9 totalement carbonis\u00e9es. Par ailleurs, l\u2019atelier et un appartement situ\u00e9 au dessus ont \u00e9t\u00e9 d\u00e9vast\u00e9s par les flammes.<\/p>\n<div class=\"code-block code-block-1 c3\"><ins class=\"adsbygoogle c2\" data-ad-layout=\"in-article\" data-ad-format=\"fluid\" data-ad-client=\"ca-pub-2102118777505746\" data-ad-slot=\"7301775417\"\/> <\/div>\n<p>Les agents de la protection civile sont arriv\u00e9s \u00e0 contr\u00f4ler assez rapidement le sinistre avant qu\u2019il ne s\u2019\u00e9tende \u00e0 d\u2019autres b\u00e2timents.<\/p>\n<div class=\"mvp-org-wrap mvp-org-logo\" itemprop=\"publisher\" itemscope=\"\" itemtype=\"https:\/\/schema.org\/Organization\"><img decoding=\"async\" src=\"https:\/\/www.tunisienumerique.com\/wp-content\/uploads\/2017\/02\/logo_tunisie_numerique.png\"\/><\/div>\n<div class=\"swp_social_panel swp_horizontal_panel swp_flat_fresh swp_default_full_color swp_individual_full_color swp_other_full_color scale-100 scale-\" data-min-width=\"1100\" data-float-color=\"#ffffff\" data-float=\"none\" data-float-mobile=\"none\" data-transition=\"slide\">\n<div class=\"nc_tweetContainer swp_share_button total_shares total_sharesalt\"><span class=\"swp_count\">29 <span class=\"swp_label\">Partages<\/span><\/span><\/div>\n<\/div>\n<div class=\"mvp-related-posts left relative\">\n<h4 class=\"post-header\"><span class=\"post-header\">Lire aussi<\/span><\/h4>\n<\/div>\n<\/div>\n<p>Auteur: LM<br \/>\n<a href=\"https:\/\/www.tunisienumerique.com\/tunisie-sfax-trois-voitures-carbonisees-dans-lincendie-dun-atelier-de-tolerie\/\">Cliquez ici pour lire l&rsquo;article depuis sa source.<\/a><\/p>\n","protected":false},"excerpt":{"rendered":"<p>29 Partages Un incendie s\u2019est d\u00e9clar\u00e9, ce mardi apr\u00e8s midi, dans un atelier de t\u00f4lerie et peinture, dans la r\u00e9gion de Saltanya, \u00e0 Sfax. L\u2019incendie a compl\u00e8tement d\u00e9truit trois voitures qui \u00e9taient dans le garage et qui ont \u00e9t\u00e9 totalement carbonis\u00e9es. Par ailleurs, l\u2019atelier et un appartement situ\u00e9 au dessus ont \u00e9t\u00e9 d\u00e9vast\u00e9s par les [&hellip;]<\/p>\n","protected":false},"author":1789,"featured_media":40058,"comment_status":"closed","ping_status":"closed","sticky":false,"template":"","format":"standard","meta":{"fifu_image_url":"","fifu_image_alt":"","footnotes":""},"categories":[73,55],"tags":[],"class_list":["post-40057","post","type-post","status-publish","format-standard","has-post-thumbnail","hentry","category-actualite","category-tunisie"],"_links":{"self":[{"href":"https:\/\/linitiative.ca\/International\/wp-json\/wp\/v2\/posts\/40057","targetHints":{"allow":["GET"]}}],"collection":[{"href":"https:\/\/linitiative.ca\/International\/wp-json\/wp\/v2\/posts"}],"about":[{"href":"https:\/\/linitiative.ca\/International\/wp-json\/wp\/v2\/types\/post"}],"author":[{"embeddable":true,"href":"https:\/\/linitiative.ca\/International\/wp-json\/wp\/v2\/users\/1789"}],"replies":[{"embeddable":true,"href":"https:\/\/linitiative.ca\/International\/wp-json\/wp\/v2\/comments?post=40057"}],"version-history":[{"count":0,"href":"https:\/\/linitiative.ca\/International\/wp-json\/wp\/v2\/posts\/40057\/revisions"}],"wp:featuredmedia":[{"embeddable":true,"href":"https:\/\/linitiative.ca\/International\/wp-json\/"}],"wp:attachment":[{"href":"https:\/\/linitiative.ca\/International\/wp-json\/wp\/v2\/media?parent=40057"}],"wp:term":[{"taxonomy":"category","embeddable":true,"href":"https:\/\/linitiative.ca\/International\/wp-json\/wp\/v2\/categories?post=40057"},{"taxonomy":"post_tag","embeddable":true,"href":"https:\/\/linitiative.ca\/International\/wp-json\/wp\/v2\/tags?post=40057"}],"curies":[{"name":"wp","href":"https:\/\/api.w.org\/{rel}","templated":true}]}}