{"id":40063,"date":"2019-06-11T14:30:32","date_gmt":"2019-06-11T18:30:32","guid":{"rendered":"https:\/\/linitiative.ca\/International\/tunisie-audio-une-famille-refuse-de-reprendre-le-cadavre-de-son-fils-apres-quil-ait-subi-un-prelevement-des-cornees\/"},"modified":"2019-06-11T14:30:32","modified_gmt":"2019-06-11T18:30:32","slug":"tunisie-audio-une-famille-refuse-de-reprendre-le-cadavre-de-son-fils-apres-quil-ait-subi-un-prelevement-des-cornees","status":"publish","type":"post","link":"https:\/\/linitiative.ca\/International\/tunisie-audio-une-famille-refuse-de-reprendre-le-cadavre-de-son-fils-apres-quil-ait-subi-un-prelevement-des-cornees\/","title":{"rendered":"Tunisie \u2013 AUDIO\u00a0: Une famille refuse de reprendre le cadavre de son fils apr\u00e8s qu\u2019il ait subi un pr\u00e9l\u00e8vement des corn\u00e9es"},"content":{"rendered":"<div class=\"post-cont-in left relative\">\n<div class=\"swp_social_panel swp_horizontal_panel swp_flat_fresh swp_default_full_color swp_individual_full_color swp_other_full_color scale-100 scale-\" data-min-width=\"1100\" data-float-color=\"#ffffff\" data-float=\"none\" data-float-mobile=\"none\" data-transition=\"slide\">\n<div class=\"nc_tweetContainer swp_share_button total_shares total_sharesalt\"><span class=\"swp_count\">4 <span class=\"swp_label\">Partages<\/span><\/span><\/div>\n<\/div>\n<p>Un citoyen a annonc\u00e9 ce mardi aux m\u00e9dias, que lors de la r\u00e9ception du cadavre de son neveu qui a s\u00e9journ\u00e9 \u00e0 la morgue de l\u2019h\u00f4pital Charles Nicolle, \u00e0 Tunis, il s\u2019est rendu compte qu\u2019on lui avait \u201carrach\u00e9 les yeux\u201d, selon ses termes, pour les greffer \u00e0 un autre patient. L\u2019oncle a pr\u00e9tendu que le m\u00e9decin qui avait fait ce pr\u00e9l\u00e8vement a avou\u00e9 son geste et qu\u2019il aurait \u00e9t\u00e9 arr\u00eat\u00e9.<\/p>\n<p>Le directeur g\u00e9n\u00e9ral du centre de don d\u2019organes, Taher Gargah a assur\u00e9 que le pr\u00e9l\u00e8vement s\u2019est effectu\u00e9 en conformit\u00e9 avec la loi, d\u00e9mentant, \u00e0 l\u2019occasion, l\u2019arrestation du m\u00e9decin qui a pr\u00e9lev\u00e9 les corn\u00e9es du d\u00e9funt. Il a pr\u00e9cis\u00e9 que le m\u00e9decin, apr\u00e8s le constat formel du d\u00e9c\u00e8s du jeune homme, lors de l\u2019autopsie, puisqu\u2019il s\u2019agissait d\u2019une mort suspecte, a pr\u00e9lev\u00e9, non pas les yeux, mais juste les corn\u00e9es, qui sont un fin film recouvrant l\u2019\u0153il. Selon la loi, un pr\u00e9l\u00e8vement de tissus et non d\u2019un organe est tout \u00e0 fait l\u00e9gal, tant qu\u2019il n\u2019y a pas d\u2019opposition consign\u00e9e par \u00e9crit dans le registre de l\u2019h\u00f4pital, par le patient ou par sa famille.<\/p>\n<div class=\"code-block code-block-1 c3\"><ins class=\"adsbygoogle c2\" data-ad-layout=\"in-article\" data-ad-format=\"fluid\" data-ad-client=\"ca-pub-2102118777505746\" data-ad-slot=\"7301775417\"\/> <\/div>\n<p><a href=\"https:\/\/www.tunisienumerique.com\/wp-content\/uploads\/2019\/06\/Taher-Gargah.mp3\">https:\/\/www.tunisienumerique.com\/wp-content\/uploads\/2019\/06\/Taher-Gargah.mp3<\/a><\/p>\n<div class=\"mvp-org-wrap mvp-org-logo\" itemprop=\"publisher\" itemscope=\"\" itemtype=\"https:\/\/schema.org\/Organization\"><img decoding=\"async\" src=\"https:\/\/www.tunisienumerique.com\/wp-content\/uploads\/2017\/02\/logo_tunisie_numerique.png\"\/><\/div>\n<div class=\"swp_social_panel swp_horizontal_panel swp_flat_fresh swp_default_full_color swp_individual_full_color swp_other_full_color scale-100 scale-\" data-min-width=\"1100\" data-float-color=\"#ffffff\" data-float=\"none\" data-float-mobile=\"none\" data-transition=\"slide\">\n<div class=\"nc_tweetContainer swp_share_button total_shares total_sharesalt\"><span class=\"swp_count\">4 <span class=\"swp_label\">Partages<\/span><\/span><\/div>\n<\/div>\n<div class=\"mvp-related-posts left relative\">\n<h4 class=\"post-header\"><span class=\"post-header\">Lire aussi<\/span><\/h4>\n<\/div>\n<\/div>\n<p>Auteur: LM<br \/>\n<a href=\"https:\/\/www.tunisienumerique.com\/tunisie-audio-une-famille-refuse-de-reprendre-le-cadavre-de-son-fils-apres-quil-ait-subi-un-prelevement-des-cornees\/\">Cliquez ici pour lire l&rsquo;article depuis sa source.<\/a><\/p>\n","protected":false},"excerpt":{"rendered":"<p>4 Partages Un citoyen a annonc\u00e9 ce mardi aux m\u00e9dias, que lors de la r\u00e9ception du cadavre de son neveu qui a s\u00e9journ\u00e9 \u00e0 la morgue de l\u2019h\u00f4pital Charles Nicolle, \u00e0 Tunis, il s\u2019est rendu compte qu\u2019on lui avait \u201carrach\u00e9 les yeux\u201d, selon ses termes, pour les greffer \u00e0 un autre patient. L\u2019oncle a pr\u00e9tendu [&hellip;]<\/p>\n","protected":false},"author":1789,"featured_media":40064,"comment_status":"closed","ping_status":"closed","sticky":false,"template":"","format":"standard","meta":{"fifu_image_url":"","fifu_image_alt":"","footnotes":""},"categories":[73,55],"tags":[],"class_list":["post-40063","post","type-post","status-publish","format-standard","has-post-thumbnail","hentry","category-actualite","category-tunisie"],"_links":{"self":[{"href":"https:\/\/linitiative.ca\/International\/wp-json\/wp\/v2\/posts\/40063","targetHints":{"allow":["GET"]}}],"collection":[{"href":"https:\/\/linitiative.ca\/International\/wp-json\/wp\/v2\/posts"}],"about":[{"href":"https:\/\/linitiative.ca\/International\/wp-json\/wp\/v2\/types\/post"}],"author":[{"embeddable":true,"href":"https:\/\/linitiative.ca\/International\/wp-json\/wp\/v2\/users\/1789"}],"replies":[{"embeddable":true,"href":"https:\/\/linitiative.ca\/International\/wp-json\/wp\/v2\/comments?post=40063"}],"version-history":[{"count":0,"href":"https:\/\/linitiative.ca\/International\/wp-json\/wp\/v2\/posts\/40063\/revisions"}],"wp:featuredmedia":[{"embeddable":true,"href":"https:\/\/linitiative.ca\/International\/wp-json\/"}],"wp:attachment":[{"href":"https:\/\/linitiative.ca\/International\/wp-json\/wp\/v2\/media?parent=40063"}],"wp:term":[{"taxonomy":"category","embeddable":true,"href":"https:\/\/linitiative.ca\/International\/wp-json\/wp\/v2\/categories?post=40063"},{"taxonomy":"post_tag","embeddable":true,"href":"https:\/\/linitiative.ca\/International\/wp-json\/wp\/v2\/tags?post=40063"}],"curies":[{"name":"wp","href":"https:\/\/api.w.org\/{rel}","templated":true}]}}