{"id":40065,"date":"2019-06-11T14:40:51","date_gmt":"2019-06-11T18:40:51","guid":{"rendered":"https:\/\/linitiative.ca\/International\/tunisie-limage-dune-douzaine-de-requins-peches-au-port-de-kelibia-seme-la-panique\/"},"modified":"2019-06-11T14:40:51","modified_gmt":"2019-06-11T18:40:51","slug":"tunisie-limage-dune-douzaine-de-requins-peches-au-port-de-kelibia-seme-la-panique","status":"publish","type":"post","link":"https:\/\/linitiative.ca\/International\/tunisie-limage-dune-douzaine-de-requins-peches-au-port-de-kelibia-seme-la-panique\/","title":{"rendered":"Tunisie \u2013 L\u2019image d\u2019une douzaine de requins p\u00each\u00e9s au port de K\u00e9libia s\u00e8me la panique"},"content":{"rendered":"<div class=\"post-cont-in left relative\">\n<div class=\"swp_social_panel swp_horizontal_panel swp_flat_fresh swp_default_full_color swp_individual_full_color swp_other_full_color scale-100 scale-\" data-min-width=\"1100\" data-float-color=\"#ffffff\" data-float=\"none\" data-float-mobile=\"none\" data-transition=\"slide\">\n<div class=\"nc_tweetContainer swp_share_button total_shares total_sharesalt\"><span class=\"swp_count\">43 <span class=\"swp_label\">Partages<\/span><\/span><\/div>\n<\/div>\n<p>Les images mettant en sc\u00e8ne une douzaine de requins de grande taille align\u00e9s sur le qui du port de p\u00eache de K\u00e9libia ont circul\u00e9 sur le web, suscitant la panique g\u00e9n\u00e9rale, notamment, aupr\u00e8s des riverains et des estivants de la r\u00e9gion, qui ont craint que la mer soit infest\u00e9e de gros requins agressifs.<\/p>\n<p>Dans ce cadre, le membre de la chambre syndicale r\u00e9gionale de la p\u00eache, Zied Ouali a pr\u00e9cis\u00e9 qu\u2019il s\u2019agissait d\u2019une esp\u00e8ce tr\u00e8s courante au large de K\u00e9libia, qui a toujours \u00e9t\u00e9 p\u00each\u00e9e et consomm\u00e9e dans la r\u00e9gion. Il a ajout\u00e9 qu\u2019il s\u2019agissait effectivement de requins, mais d\u2019une esp\u00e8ce non agressive\u00a0 qui ne s\u2019attaquent jamais \u00e0 l\u2019homme,et qui ne s\u2019approchent pas des c\u00f4tes, puisqu\u2019ils vivent dans les eaux profondes, entre 150 et 400 m\u00e8tres.<\/p>\n<div class=\"code-block code-block-1 c3\"><ins class=\"adsbygoogle c2\" data-ad-layout=\"in-article\" data-ad-format=\"fluid\" data-ad-client=\"ca-pub-2102118777505746\" data-ad-slot=\"7301775417\"\/> <\/div>\n<div class=\"mvp-org-wrap mvp-org-logo\" itemprop=\"publisher\" itemscope=\"\" itemtype=\"https:\/\/schema.org\/Organization\"><img decoding=\"async\" src=\"https:\/\/www.tunisienumerique.com\/wp-content\/uploads\/2017\/02\/logo_tunisie_numerique.png\"\/><\/div>\n<div class=\"swp_social_panel swp_horizontal_panel swp_flat_fresh swp_default_full_color swp_individual_full_color swp_other_full_color scale-100 scale-\" data-min-width=\"1100\" data-float-color=\"#ffffff\" data-float=\"none\" data-float-mobile=\"none\" data-transition=\"slide\">\n<div class=\"nc_tweetContainer swp_share_button total_shares total_sharesalt\"><span class=\"swp_count\">43 <span class=\"swp_label\">Partages<\/span><\/span><\/div>\n<\/div>\n<div class=\"mvp-related-posts left relative\">\n<h4 class=\"post-header\"><span class=\"post-header\">Lire aussi<\/span><\/h4>\n<\/div>\n<\/div>\n<p>Auteur: LM<br \/>\n<a href=\"https:\/\/www.tunisienumerique.com\/tunisie-limage-dune-douzaine-de-requins-peches-au-port-de-kelibia-seme-la-panique\/\">Cliquez ici pour lire l&rsquo;article depuis sa source.<\/a><\/p>\n","protected":false},"excerpt":{"rendered":"<p>43 Partages Les images mettant en sc\u00e8ne une douzaine de requins de grande taille align\u00e9s sur le qui du port de p\u00eache de K\u00e9libia ont circul\u00e9 sur le web, suscitant la panique g\u00e9n\u00e9rale, notamment, aupr\u00e8s des riverains et des estivants de la r\u00e9gion, qui ont craint que la mer soit infest\u00e9e de gros requins agressifs. [&hellip;]<\/p>\n","protected":false},"author":1789,"featured_media":40066,"comment_status":"closed","ping_status":"closed","sticky":false,"template":"","format":"standard","meta":{"fifu_image_url":"","fifu_image_alt":"","footnotes":""},"categories":[73,55],"tags":[],"class_list":["post-40065","post","type-post","status-publish","format-standard","has-post-thumbnail","hentry","category-actualite","category-tunisie"],"_links":{"self":[{"href":"https:\/\/linitiative.ca\/International\/wp-json\/wp\/v2\/posts\/40065","targetHints":{"allow":["GET"]}}],"collection":[{"href":"https:\/\/linitiative.ca\/International\/wp-json\/wp\/v2\/posts"}],"about":[{"href":"https:\/\/linitiative.ca\/International\/wp-json\/wp\/v2\/types\/post"}],"author":[{"embeddable":true,"href":"https:\/\/linitiative.ca\/International\/wp-json\/wp\/v2\/users\/1789"}],"replies":[{"embeddable":true,"href":"https:\/\/linitiative.ca\/International\/wp-json\/wp\/v2\/comments?post=40065"}],"version-history":[{"count":0,"href":"https:\/\/linitiative.ca\/International\/wp-json\/wp\/v2\/posts\/40065\/revisions"}],"wp:featuredmedia":[{"embeddable":true,"href":"https:\/\/linitiative.ca\/International\/wp-json\/"}],"wp:attachment":[{"href":"https:\/\/linitiative.ca\/International\/wp-json\/wp\/v2\/media?parent=40065"}],"wp:term":[{"taxonomy":"category","embeddable":true,"href":"https:\/\/linitiative.ca\/International\/wp-json\/wp\/v2\/categories?post=40065"},{"taxonomy":"post_tag","embeddable":true,"href":"https:\/\/linitiative.ca\/International\/wp-json\/wp\/v2\/tags?post=40065"}],"curies":[{"name":"wp","href":"https:\/\/api.w.org\/{rel}","templated":true}]}}