{"id":40081,"date":"2019-06-11T15:18:10","date_gmt":"2019-06-11T19:18:10","guid":{"rendered":"https:\/\/linitiative.ca\/International\/un-forum-regional-sur-la-zlecaf-prevu-a-dakar-du-24-au-25-juin\/"},"modified":"2019-06-11T15:18:10","modified_gmt":"2019-06-11T19:18:10","slug":"un-forum-regional-sur-la-zlecaf-prevu-a-dakar-du-24-au-25-juin","status":"publish","type":"post","link":"https:\/\/linitiative.ca\/International\/un-forum-regional-sur-la-zlecaf-prevu-a-dakar-du-24-au-25-juin\/","title":{"rendered":"Un forum r\u00e9gional sur la Zlecaf pr\u00e9vu \u00e0 Dakar du 24 au 25 juin"},"content":{"rendered":"<div readability=\"32\">\n<p>Publi\u00e9 le 11.06.2019 \u00e0 20h18 par APA News<\/p>\n<\/div>\n<div readability=\"60\">\n<p>Un forum r\u00e9gional sur les enjeux li\u00e9s \u00e0 la mise en \u0153uvre de la Zone de Libre-Echange Continentale Africaine (Zlecaf) et son impact pour les r\u00e9gions d\u2019Afrique de l\u2019Ouest et Centrale se tiendra du 24 au 25 juin 2019 \u00e0 Dakar, a appris APA mardi aupr\u00e8s de la Commission Economique pour l\u2019Afrique (Cea).\u00ab Le forum, qui est organis\u00e9 conjointement par la Commission \u00c9conomique pour l\u2019Afrique (CEA), le gouvernement s\u00e9n\u00e9galais, la Commission de l\u2019Union Africaine et l\u2019Union Europ\u00e9enne, est con\u00e7u comme un espace de dialogue r\u00e9gional et multi-acteurs sur l\u2019ensemble des enjeux li\u00e9s \u00e0 la mise en \u0153uvre de la ZLECAf dans les \u00c9tats francophones de la CEDEAO et la CEEAC \u00bb, rapporte un communiqu\u00e9 de la CEA.<\/p>\n<p>\u00a0Sur le th\u00e8me \u00ab La ZLECAf en marche : Approfondir l\u2019int\u00e9gration africaine pour un continent prosp\u00e8re \u00bb, les parties prenantes (d\u00e9cideurs politiques, acteurs \u00e9conomiques, organisations de la soci\u00e9t\u00e9 civile et instituts de recherche) seront invit\u00e9es \u00e0 formuler des recommandations sur les voies et moyens \u00e0 d\u00e9ployer afin que la ZLECAf soit porteuse d\u2019un changement tangible, inclusif et durable pour les \u00e9conomies de la sous-r\u00e9gion, notamment en termes d\u2019industrialisation, de diversification \u00e9conomique et de cr\u00e9ation d\u2019emplois, poursuit notre source.<\/p>\n<p>\u00ab Ce forum vise \u00e0 susciter des \u00e9changes constructifs afin de tirer les le\u00e7ons de l\u2019int\u00e9gration r\u00e9gionale et \u00e9valuer dans quelle mesure les Communaut\u00e9s \u00c9conomiques R\u00e9gionales peuvent servir de socle pour lib\u00e9rer le potentiel commercial de la ZLECAf en Afrique de l\u2019Ouest et Centrale \u00bb, a dit Adeyinka Adeyemi, Conseiller principal de la CEA aupr\u00e8s du Centre africain pour la politique commerciale (ATPC) cit\u00e9 par le communiqu\u00e9.<\/p>\n<\/div>\n<p>Auteur: APA News<br \/>\n<a href=\"https:\/\/www.journalducameroun.com\/un-forum-regional-sur-la-zlecaf-prevu-a-dakar-du-24-au-25-juin\/\">Cliquez ici pour lire l&rsquo;article depuis sa source.<\/a><\/p>\n","protected":false},"excerpt":{"rendered":"<p>Publi\u00e9 le 11.06.2019 \u00e0 20h18 par APA News Un forum r\u00e9gional sur les enjeux li\u00e9s \u00e0 la mise en \u0153uvre de la Zone de Libre-Echange Continentale Africaine (Zlecaf) et son impact pour les r\u00e9gions d\u2019Afrique de l\u2019Ouest et Centrale se tiendra du 24 au 25 juin 2019 \u00e0 Dakar, a appris APA mardi aupr\u00e8s de [&hellip;]<\/p>\n","protected":false},"author":1965,"featured_media":0,"comment_status":"closed","ping_status":"closed","sticky":false,"template":"","format":"standard","meta":{"fifu_image_url":"","fifu_image_alt":"","footnotes":""},"categories":[73,82],"tags":[],"class_list":["post-40081","post","type-post","status-publish","format-standard","hentry","category-actualite","category-cameroun"],"_links":{"self":[{"href":"https:\/\/linitiative.ca\/International\/wp-json\/wp\/v2\/posts\/40081","targetHints":{"allow":["GET"]}}],"collection":[{"href":"https:\/\/linitiative.ca\/International\/wp-json\/wp\/v2\/posts"}],"about":[{"href":"https:\/\/linitiative.ca\/International\/wp-json\/wp\/v2\/types\/post"}],"author":[{"embeddable":true,"href":"https:\/\/linitiative.ca\/International\/wp-json\/wp\/v2\/users\/1965"}],"replies":[{"embeddable":true,"href":"https:\/\/linitiative.ca\/International\/wp-json\/wp\/v2\/comments?post=40081"}],"version-history":[{"count":0,"href":"https:\/\/linitiative.ca\/International\/wp-json\/wp\/v2\/posts\/40081\/revisions"}],"wp:attachment":[{"href":"https:\/\/linitiative.ca\/International\/wp-json\/wp\/v2\/media?parent=40081"}],"wp:term":[{"taxonomy":"category","embeddable":true,"href":"https:\/\/linitiative.ca\/International\/wp-json\/wp\/v2\/categories?post=40081"},{"taxonomy":"post_tag","embeddable":true,"href":"https:\/\/linitiative.ca\/International\/wp-json\/wp\/v2\/tags?post=40081"}],"curies":[{"name":"wp","href":"https:\/\/api.w.org\/{rel}","templated":true}]}}