{"id":40082,"date":"2019-06-11T15:18:11","date_gmt":"2019-06-11T19:18:11","guid":{"rendered":"https:\/\/linitiative.ca\/International\/un-officiel-senegalais-pour-une-meilleure-surveillance-du-marche-de-la-cedeao\/"},"modified":"2019-06-11T15:18:11","modified_gmt":"2019-06-11T19:18:11","slug":"un-officiel-senegalais-pour-une-meilleure-surveillance-du-marche-de-la-cedeao","status":"publish","type":"post","link":"https:\/\/linitiative.ca\/International\/un-officiel-senegalais-pour-une-meilleure-surveillance-du-marche-de-la-cedeao\/","title":{"rendered":"Un officiel s\u00e9n\u00e9galais pour une meilleure surveillance du march\u00e9 de la Cedeao"},"content":{"rendered":"<div readability=\"32\">\n<p>Publi\u00e9 le 11.06.2019 \u00e0 20h18 par APA News<\/p>\n<\/div>\n<div readability=\"74\">\n<p>Dans l\u2019espace de la Communaut\u00e9 \u00e9conomique des Etats de l\u2019Afrique de l\u2019Ouest (Cedeao), toutes les parties concern\u00e9es doivent travailler \u00e0 l\u2019am\u00e9lioration de la surveillance du march\u00e9, a pr\u00f4n\u00e9, mardi \u00e0 Dakar, Adama Baye Racine Ndiaye, Secr\u00e9taire g\u00e9n\u00e9ral du minist\u00e8re du D\u00e9veloppement industriel et de la Petite et Moyenne industrie.\u00ab La mise en \u0153uvre des r\u00e8glements techniques au sein de la Cedeao incombe aux structures nationales en charge des contr\u00f4les officiels, \u00e0 savoir les structures en charge du contr\u00f4le qualit\u00e9 des produits \u00e0 l\u2019importation, de la production locale et dans la cha\u00eene de distribution des produits. Mais force est de reconna\u00eetre que la pratique actuelle de la surveillance du march\u00e9 dans l\u2019espace Cedeao a besoin d\u2019\u00eatre am\u00e9lior\u00e9e \u00bb, a dit M. Ndiaye \u00e0 l\u2019ouverture d\u2019un atelier de validation des projets de documents relatifs \u00e0 la proc\u00e9dure d\u2019harmonisation des r\u00e8glements techniques de la CEDEAO.<\/p>\n<p>Dans son discours dont APA a obtenu copie, M. Ndiaye a soulign\u00e9 que les organismes de surveillance du march\u00e9 ne disposent pas d\u2019un cadre d\u2019\u00e9changes d\u2019informations rapides entre eux pour le traitement des cas de non-conformit\u00e9. \u00ab Il s\u2019y ajoute, a-t-il indiqu\u00e9, que les produits import\u00e9s dans l\u2019espace Cedeao sont test\u00e9s \u00e0 la fois par plusieurs organismes de surveillance du march\u00e9, sans aucune coordination \u00bb.<\/p>\n<p>\u00ab Face \u00e0 cette situation, le Conseil des ministres statutaire de juin 2017 a autoris\u00e9 la cr\u00e9ation de l\u2019agence de la qualit\u00e9 de la Cedeao (Ecowaq) dont l\u2019une des missions est d\u2019assurer la coordination et le secr\u00e9tariat des diff\u00e9rentes composantes de l\u2019Infrastructure r\u00e9gionale qualit\u00e9 (Irq) au nombre desquelles un Comit\u00e9 communautaire de r\u00e8glementation technique (Ecoreg) \u00bb, a expliqu\u00e9 Adama Baye Racine Ndiaye, Secr\u00e9taire g\u00e9n\u00e9ral du minist\u00e8re du D\u00e9veloppement industriel et de la Petite et Moyenne industrie.<\/p>\n<p>Pour Mamadou Traor\u00e9, Commissaire de la Cedeao en charge de l\u2019industrie et de la promotion du secteur priv\u00e9, tenant compte de la Zone de libre-\u00e9change continentale africaine (Zlecaf), du Tarif ext\u00e9rieur commun (Tec) de la Cedeao ou encore des accords commerciaux en cours de n\u00e9gociation avec des partenaires cl\u00e9s comme l\u2019Union europ\u00e9enne, il convient pour l\u2019Afrique de l\u2019ouest de disposer d\u2019un m\u00e9canisme d\u2019harmonisation et de r\u00e8glementation technique consensuel.<\/p>\n<p>\u00ab Ce m\u00e9canisme, a sugg\u00e9r\u00e9 M. Traor\u00e9, doit \u00eatre apte \u00e0 permettre aux op\u00e9rateurs \u00e9conomiques de la r\u00e9gion de tirer le meilleur profit de toutes ces opportunit\u00e9s commerciales \u00bb.<\/p>\n<\/div>\n<p>Auteur: APA News<br \/>\n<a href=\"https:\/\/www.journalducameroun.com\/un-officiel-senegalais-pour-une-meilleure-surveillance-du-marche-de-la-cedeao\/\">Cliquez ici pour lire l&rsquo;article depuis sa source.<\/a><\/p>\n","protected":false},"excerpt":{"rendered":"<p>Publi\u00e9 le 11.06.2019 \u00e0 20h18 par APA News Dans l\u2019espace de la Communaut\u00e9 \u00e9conomique des Etats de l\u2019Afrique de l\u2019Ouest (Cedeao), toutes les parties concern\u00e9es doivent travailler \u00e0 l\u2019am\u00e9lioration de la surveillance du march\u00e9, a pr\u00f4n\u00e9, mardi \u00e0 Dakar, Adama Baye Racine Ndiaye, Secr\u00e9taire g\u00e9n\u00e9ral du minist\u00e8re du D\u00e9veloppement industriel et de la Petite et [&hellip;]<\/p>\n","protected":false},"author":1965,"featured_media":0,"comment_status":"closed","ping_status":"closed","sticky":false,"template":"","format":"standard","meta":{"fifu_image_url":"","fifu_image_alt":"","footnotes":""},"categories":[73,82],"tags":[],"class_list":["post-40082","post","type-post","status-publish","format-standard","hentry","category-actualite","category-cameroun"],"_links":{"self":[{"href":"https:\/\/linitiative.ca\/International\/wp-json\/wp\/v2\/posts\/40082","targetHints":{"allow":["GET"]}}],"collection":[{"href":"https:\/\/linitiative.ca\/International\/wp-json\/wp\/v2\/posts"}],"about":[{"href":"https:\/\/linitiative.ca\/International\/wp-json\/wp\/v2\/types\/post"}],"author":[{"embeddable":true,"href":"https:\/\/linitiative.ca\/International\/wp-json\/wp\/v2\/users\/1965"}],"replies":[{"embeddable":true,"href":"https:\/\/linitiative.ca\/International\/wp-json\/wp\/v2\/comments?post=40082"}],"version-history":[{"count":0,"href":"https:\/\/linitiative.ca\/International\/wp-json\/wp\/v2\/posts\/40082\/revisions"}],"wp:attachment":[{"href":"https:\/\/linitiative.ca\/International\/wp-json\/wp\/v2\/media?parent=40082"}],"wp:term":[{"taxonomy":"category","embeddable":true,"href":"https:\/\/linitiative.ca\/International\/wp-json\/wp\/v2\/categories?post=40082"},{"taxonomy":"post_tag","embeddable":true,"href":"https:\/\/linitiative.ca\/International\/wp-json\/wp\/v2\/tags?post=40082"}],"curies":[{"name":"wp","href":"https:\/\/api.w.org\/{rel}","templated":true}]}}