{"id":40083,"date":"2019-06-11T15:18:13","date_gmt":"2019-06-11T19:18:13","guid":{"rendered":"https:\/\/linitiative.ca\/International\/la-police-et-des-acteurs-judiciaires-echangent-sur-les-violences-basees-sur-le-genre\/"},"modified":"2019-06-11T15:18:13","modified_gmt":"2019-06-11T19:18:13","slug":"la-police-et-des-acteurs-judiciaires-echangent-sur-les-violences-basees-sur-le-genre","status":"publish","type":"post","link":"https:\/\/linitiative.ca\/International\/la-police-et-des-acteurs-judiciaires-echangent-sur-les-violences-basees-sur-le-genre\/","title":{"rendered":"La police et des acteurs judiciaires \u00e9changent sur les violences bas\u00e9es sur le Genre"},"content":{"rendered":"<div readability=\"32\">\n<p>Publi\u00e9 le 11.06.2019 \u00e0 20h18 par APA News<\/p>\n<\/div>\n<div readability=\"75\">\n<p>Des experts ont \u00e9chang\u00e9, mardi \u00e0 Abidjan, sur la coop\u00e9ration entre la police et les acteurs judiciaires dans le cadre de la lutte contre les violences sexuelles bas\u00e9es sur le genre (VSBG), a constat\u00e9 APA sur place dans la capitale \u00e9conomique ivoirienne.Selon la Chef de Cabinet du minist\u00e8re de la Justice et des Droits de l\u2019Homme, Elise Ouattara, \u00ab \u00a0la question de la prise en charge \u00a0des violences bas\u00e9es sur le genre a un long chemin qui a connu beaucoup de ralentissement \u00bb.<\/p>\n<p>\u00ab Je pense que \u00a0 nous sommes entrain de faire un bond qualitative et nous devrons nous en f\u00e9liciter \u00a0\u00bb, a-t-elle ajout\u00e9.<\/p>\n<p>\u00ab Les acteurs judiciaires ne peuvent pas consid\u00e9rer cette question comme une question non essentielle parce que \u00e7a fait partie d\u2019un de nos indicateurs de performances \u00a0dans toutes les actions d\u2019\u00e9valuation du gouvernement \u00bb, a insist\u00e9 l\u2019experte en Genre.<\/p>\n<p>Mamadou Konat\u00e9, Coordinateur\u2013projet du Programme d\u2019appui au secteur \u00a0de la s\u00e9curit\u00e9 au Programme des Nations unies pour le d\u00e9veloppement (PNUD), Repr\u00e9sentant le repr\u00e9sentant-R\u00e9sident a pr\u00e9cis\u00e9 que son institution \u00ab depuis le d\u00e9but de l\u2019ann\u00e9e et l\u2019ambassade des Etats Unis se sont engag\u00e9es \u00a0pour faire \u00a0renforcer la r\u00e9ponse nationale \u00a0\u00e0 la \u00a0probl\u00e9matique des violences sexuelles \u00a0bas\u00e9es sur le genre \u00bb.<\/p>\n<p>Le projet d\u2019appui au renforcement de la justice et des services de s\u00e9curit\u00e9 int\u00e9rieure dans la r\u00e9ponse aux VSBG en C\u00f4te d\u2019Ivoire (PARR\/VSBG) se propose de renforcer \u00ab le professionnalisme des forces de s\u00e9curit\u00e9 int\u00e9rieure dans la prise en charge des VSBG , l\u2019efficacit\u00e9 de la justice en mati\u00e8re de prise en charge des cas de VSBG\u201d.<\/p>\n<p>Ce renforcement prendra \u00e9galement en compte \u00a0la confiance des populations dans les instruments l\u00e9gaux mis en place pour leur protection, les capacit\u00e9s nationales et celles des services de s\u00e9curit\u00e9 en mati\u00e8re de coordination et de collecte d\u2019information sur les VSBG \u00bb.<\/p>\n<p>Des agents des forces de s\u00e9curit\u00e9 et de d\u00e9fense du pays, des magistrats et plusieurs organisations internationales ont particip\u00e9 \u00a0\u00e0 ces travaux.<\/p>\n<p>Au terme de l\u2019atelier qui r\u00e9unit une trentaine de participants, un rapport final \u00a0sera remis au ministre de la justice pour la mise en \u0153uvre d\u2019une bonne prise en charge de ces violences.<\/p>\n<\/div>\n<p>Auteur: APA News<br \/>\n<a href=\"https:\/\/www.journalducameroun.com\/la-police-et-des-acteurs-judiciaires-echangent-sur-les-violences-basees-sur-le-genre\/\">Cliquez ici pour lire l&rsquo;article depuis sa source.<\/a><\/p>\n","protected":false},"excerpt":{"rendered":"<p>Publi\u00e9 le 11.06.2019 \u00e0 20h18 par APA News Des experts ont \u00e9chang\u00e9, mardi \u00e0 Abidjan, sur la coop\u00e9ration entre la police et les acteurs judiciaires dans le cadre de la lutte contre les violences sexuelles bas\u00e9es sur le genre (VSBG), a constat\u00e9 APA sur place dans la capitale \u00e9conomique ivoirienne.Selon la Chef de Cabinet du [&hellip;]<\/p>\n","protected":false},"author":1965,"featured_media":0,"comment_status":"closed","ping_status":"closed","sticky":false,"template":"","format":"standard","meta":{"fifu_image_url":"","fifu_image_alt":"","footnotes":""},"categories":[73,82],"tags":[],"class_list":["post-40083","post","type-post","status-publish","format-standard","hentry","category-actualite","category-cameroun"],"_links":{"self":[{"href":"https:\/\/linitiative.ca\/International\/wp-json\/wp\/v2\/posts\/40083","targetHints":{"allow":["GET"]}}],"collection":[{"href":"https:\/\/linitiative.ca\/International\/wp-json\/wp\/v2\/posts"}],"about":[{"href":"https:\/\/linitiative.ca\/International\/wp-json\/wp\/v2\/types\/post"}],"author":[{"embeddable":true,"href":"https:\/\/linitiative.ca\/International\/wp-json\/wp\/v2\/users\/1965"}],"replies":[{"embeddable":true,"href":"https:\/\/linitiative.ca\/International\/wp-json\/wp\/v2\/comments?post=40083"}],"version-history":[{"count":0,"href":"https:\/\/linitiative.ca\/International\/wp-json\/wp\/v2\/posts\/40083\/revisions"}],"wp:attachment":[{"href":"https:\/\/linitiative.ca\/International\/wp-json\/wp\/v2\/media?parent=40083"}],"wp:term":[{"taxonomy":"category","embeddable":true,"href":"https:\/\/linitiative.ca\/International\/wp-json\/wp\/v2\/categories?post=40083"},{"taxonomy":"post_tag","embeddable":true,"href":"https:\/\/linitiative.ca\/International\/wp-json\/wp\/v2\/tags?post=40083"}],"curies":[{"name":"wp","href":"https:\/\/api.w.org\/{rel}","templated":true}]}}