{"id":40084,"date":"2019-06-11T15:50:01","date_gmt":"2019-06-11T19:50:01","guid":{"rendered":"https:\/\/linitiative.ca\/International\/un-livre-revele-que-le-demi-frere-assassine-de-kim-jong-un-etait-un-informateur-de-la-cia\/"},"modified":"2019-06-11T15:50:01","modified_gmt":"2019-06-11T19:50:01","slug":"un-livre-revele-que-le-demi-frere-assassine-de-kim-jong-un-etait-un-informateur-de-la-cia","status":"publish","type":"post","link":"https:\/\/linitiative.ca\/International\/un-livre-revele-que-le-demi-frere-assassine-de-kim-jong-un-etait-un-informateur-de-la-cia\/","title":{"rendered":"Un livre r\u00e9v\u00e8le que le demi-fr\u00e8re assassin\u00e9 de Kim Jong Un \u00e9tait un \u00ab\u00a0informateur\u00a0\u00bb de la CIA"},"content":{"rendered":"<div readability=\"32\">\n<p>Publi\u00e9 le 11.06.2019 \u00e0 20h50 par AFP<\/p>\n<\/div>\n<div readability=\"137\">\n<p>Kim Jong Nam, le demi-fr\u00e8re de Kim Jong Un qui a \u00e9t\u00e9 assassin\u00e9 en 2017 en Malaisie, \u00e9tait un \u00ab\u00a0informateur\u00a0\u00bb de la CIA, selon une nouvelle biographie du dirigeant nord-cor\u00e9en publi\u00e9e mardi.<\/p>\n<p>H\u00e9ritier d\u00e9chu du pouvoir, Kim Jong Nam a rencontr\u00e9 ses \u00ab\u00a0officiers traitants\u00a0\u00bb de l\u2019agence de renseignement am\u00e9ricaine en Asie du sud-est peu avant d\u2019\u00eatre empoisonn\u00e9 en 2017, raconte la journaliste Anna Fifield dans son livre, \u00ab\u00a0The Great Successor\u00a0\u00bb.<\/p>\n<p>Il est mort en f\u00e9vrier 2017 apr\u00e8s qu\u2019on lui eut projet\u00e9 au visage du VX, un agent neurotoxique hautement mortel, alors qu\u2019il se trouvait \u00e0 l\u2019a\u00e9roport international de Kuala Lumpur, o\u00f9 il attendait un avion pour Macao.<\/p>\n<p>Juste avant sa mort, des images de \u00ab\u00a0vid\u00e9osurveillance le montrent dans l\u2019ascenseur d\u2019un h\u00f4tel avec un homme de type asiatique\u00a0\u00bb qui serait \u00ab\u00a0un agent am\u00e9ricain de la CIA\u00a0\u00bb, selon la journaliste, sp\u00e9cialiste de la Cor\u00e9e du Nord pour le Washington Post.<\/p>\n<p>Kim Jong Un, qui a acc\u00e9d\u00e9 au pouvoir en 2011, \u00ab\u00a0aurait consid\u00e9r\u00e9 que le fait de parler \u00e0 des Am\u00e9ricains \u00e9tait un acte de trahison\u00a0\u00bb, \u00e9crit Anna Fifield.<\/p>\n<p>Le Wall Street Journal, citant \u00ab\u00a0une personne inform\u00e9e du sujet\u00a0\u00bb, a \u00e9galement affirm\u00e9 mardi que Kim Jong Nam avait rencontr\u00e9 plusieurs fois des agents de la CIA.<\/p>\n<p>Le quotidien pr\u00e9cise toutefois que les d\u00e9tails de ces rencontres ne sont pas compl\u00e8tement clairs. Le Nord-Cor\u00e9en s\u2019\u00e9tait rendu en Malaisie pour rencontrer son contact \u00e0 la CIA, mais cela pourrait ne pas avoir \u00e9t\u00e9 l\u2019unique but de ce voyage.<\/p>\n<p>\u00ab\u00a0Le sac \u00e0 dos que portait Kim Jong Nam contenait 120.000 dollars en liquide\u00a0\u00bb, affirme de son c\u00f4t\u00e9 Anna Fifield, sugg\u00e9rant que ce soit un paiement pour ses informations ou de l\u2019argent pour ses activit\u00e9s de joueur.<\/p>\n<p>Selon la journaliste, il g\u00e9rait des sites internet de jeu et \u00ab\u00a0vivait au milieu des parieurs, des gangsters et des espions\u00a0\u00bb, tout en conservant certains liens avec le pouvoir nord-cor\u00e9en.<\/p>\n<p>\u2013 Disneyland Tokyo \u2013<\/p>\n<p>Mais \u00ab\u00a0plusieurs anciens responsables am\u00e9ricains\u00a0\u00bb ont dit au WSJ que Kim Jong Nam \u00ab\u00a0n\u2019aurait pas \u00e9t\u00e9 capable de donner des d\u00e9tails sur le fonctionnement interne du pays\u00a0\u00bb en raison de ses ann\u00e9es d\u2019exil.<\/p>\n<p>Donald Trump a pour sa part affirm\u00e9 qu\u2019il n\u2019aurait pas laiss\u00e9 la CIA entrer en contact avec Kim Jong Nam. Le pr\u00e9sident am\u00e9ricain a assur\u00e9 mardi entretenir de \u00ab\u00a0tr\u00e8s bonnes relations\u00a0\u00bb avec Kim Jong Un, avec lequel il n\u00e9gocie un accord de d\u00e9nucl\u00e9arisation. \u00ab\u00a0Je lui dirais que cela n\u2019arriverait pas sous mon patronage, c\u2019est s\u00fbr, je ne laisserais pas faire \u00e7a\u00a0\u00bb, a-t-il ajout\u00e9.<\/p>\n<p>Deux jeunes femmes, une Vietnamienne et une Indon\u00e9sienne, avaient \u00e9t\u00e9 arr\u00eat\u00e9es et inculp\u00e9es apr\u00e8s l\u2019assassinat de Kim Jong Nam. Mais elles n\u2019ont cess\u00e9 d\u2019affirm\u00e9 avoir \u00e9t\u00e9 recrut\u00e9es pour participer \u00e0 ce qu\u2019elles croyaient \u00eatre une farce du style \u00ab\u00a0cam\u00e9ra cach\u00e9e\u00a0\u00bb et qu\u2019elles avaient \u00e9t\u00e9 flou\u00e9es, entra\u00een\u00e9es dans un complot foment\u00e9 par des agents nord-cor\u00e9ens.<\/p>\n<p>Le parquet malaisien a finalement abandonn\u00e9 les accusations de meurtre \u00e0 leur encontre et les deux femmes ont \u00e9t\u00e9 lib\u00e9r\u00e9es.<\/p>\n<p>De son c\u00f4t\u00e9, la Cor\u00e9e du Sud a imput\u00e9 cet assassinat au Nord, ce que Pyongyang a d\u00e9menti.<\/p>\n<p>Surnomm\u00e9 le \u00ab\u00a0petit g\u00e9n\u00e9ral\u00a0\u00bb, Kim Jong Nam avait \u00e9t\u00e9 un temps pressenti pour succ\u00e9der \u00e0 son p\u00e8re Kim Jong Il \u00e0 la t\u00eate du pays reclus. Mais il \u00e9tait tomb\u00e9 en disgr\u00e2ce apr\u00e8s avoir \u00e9t\u00e9 arr\u00eat\u00e9 en 2001 \u00e0 l\u2019a\u00e9roport de Tokyo muni d\u2019un faux passeport dominicain avec deux femmes et un enfant. Il aurait alors d\u00e9clar\u00e9 aux autorit\u00e9s qu\u2019il voulait visiter le parc d\u2019attraction Disneyland de la capitale japonaise.<\/p>\n<p>C\u2019est son demi-fr\u00e8re, Kim Jong Un, qui a h\u00e9rit\u00e9 du pouvoir \u00e0 la mort de leur p\u00e8re en d\u00e9cembre 2011.<\/p>\n<p>Il avait ensuite essentiellement v\u00e9cu avec sa famille \u00e0 Macao, \u00e0 Singapour ou en Chine, et avait multipli\u00e9 les critiques contre le r\u00e9gime de Pyongyang.<\/p>\n<p>Avant m\u00eame cette succession, il avait affirm\u00e9 que le pouvoir ne l\u2019int\u00e9ressait pas et s\u2019\u00e9tait dit en octobre 2010, dans un entretien en cor\u00e9en \u00e0 la cha\u00eene japonaise Asahi TV, \u00ab\u00a0oppos\u00e9 \u00e0 la transmission h\u00e9r\u00e9ditaire \u00e0 une troisi\u00e8me g\u00e9n\u00e9ration de la famille\u00a0\u00bb.<\/p>\n<\/div>\n<p>Auteur: AFP<br \/>\n<a href=\"https:\/\/www.journalducameroun.com\/un-livre-revele-que-le-demi-frere-assassine-de-kim-jong-un-etait-un-informateur-de-la-cia\/\">Cliquez ici pour lire l&rsquo;article depuis sa source.<\/a><\/p>\n","protected":false},"excerpt":{"rendered":"<p>Publi\u00e9 le 11.06.2019 \u00e0 20h50 par AFP Kim Jong Nam, le demi-fr\u00e8re de Kim Jong Un qui a \u00e9t\u00e9 assassin\u00e9 en 2017 en Malaisie, \u00e9tait un \u00ab\u00a0informateur\u00a0\u00bb de la CIA, selon une nouvelle biographie du dirigeant nord-cor\u00e9en publi\u00e9e mardi. H\u00e9ritier d\u00e9chu du pouvoir, Kim Jong Nam a rencontr\u00e9 ses \u00ab\u00a0officiers traitants\u00a0\u00bb de l\u2019agence de renseignement [&hellip;]<\/p>\n","protected":false},"author":1965,"featured_media":0,"comment_status":"closed","ping_status":"closed","sticky":false,"template":"","format":"standard","meta":{"fifu_image_url":"","fifu_image_alt":"","footnotes":""},"categories":[73,82],"tags":[],"class_list":["post-40084","post","type-post","status-publish","format-standard","hentry","category-actualite","category-cameroun"],"_links":{"self":[{"href":"https:\/\/linitiative.ca\/International\/wp-json\/wp\/v2\/posts\/40084","targetHints":{"allow":["GET"]}}],"collection":[{"href":"https:\/\/linitiative.ca\/International\/wp-json\/wp\/v2\/posts"}],"about":[{"href":"https:\/\/linitiative.ca\/International\/wp-json\/wp\/v2\/types\/post"}],"author":[{"embeddable":true,"href":"https:\/\/linitiative.ca\/International\/wp-json\/wp\/v2\/users\/1965"}],"replies":[{"embeddable":true,"href":"https:\/\/linitiative.ca\/International\/wp-json\/wp\/v2\/comments?post=40084"}],"version-history":[{"count":0,"href":"https:\/\/linitiative.ca\/International\/wp-json\/wp\/v2\/posts\/40084\/revisions"}],"wp:attachment":[{"href":"https:\/\/linitiative.ca\/International\/wp-json\/wp\/v2\/media?parent=40084"}],"wp:term":[{"taxonomy":"category","embeddable":true,"href":"https:\/\/linitiative.ca\/International\/wp-json\/wp\/v2\/categories?post=40084"},{"taxonomy":"post_tag","embeddable":true,"href":"https:\/\/linitiative.ca\/International\/wp-json\/wp\/v2\/tags?post=40084"}],"curies":[{"name":"wp","href":"https:\/\/api.w.org\/{rel}","templated":true}]}}