{"id":40086,"date":"2019-06-11T15:50:05","date_gmt":"2019-06-11T19:50:05","guid":{"rendered":"https:\/\/linitiative.ca\/International\/pour-macron-leurope-doit-dialoguer-avec-la-russie\/"},"modified":"2019-06-11T15:50:05","modified_gmt":"2019-06-11T19:50:05","slug":"pour-macron-leurope-doit-dialoguer-avec-la-russie","status":"publish","type":"post","link":"https:\/\/linitiative.ca\/International\/pour-macron-leurope-doit-dialoguer-avec-la-russie\/","title":{"rendered":"Pour Macron, \u00ab\u00a0l\u2019Europe doit dialoguer avec la Russie\u00a0\u00bb"},"content":{"rendered":"<div readability=\"32\">\n<p>Publi\u00e9 le 11.06.2019 \u00e0 20h50 par AFP<\/p>\n<\/div>\n<div readability=\"115\">\n<p>\u00ab\u00a0L\u2019Europe doit dialoguer avec la Russie\u00a0\u00bb, laquelle doit de son c\u00f4t\u00e9 \u00ab\u00a0faire des efforts\u00a0\u00bb, a affirm\u00e9 Emmanuel Macron dans une interview mardi soir \u00e0 la cha\u00eene publique suisse RTS.<\/p>\n<p>\u00ab\u00a0L\u2019Europe, dans cet ordre multilat\u00e9ral que je d\u00e9fends, a besoin de reb\u00e2tir une nouvelle grammaire de confiance et de s\u00e9curit\u00e9 avec la Russie et ne doit pas exclusivement passer par l\u2019Otan\u00a0\u00bb, a estim\u00e9 le chef de l\u2019Etat.<\/p>\n<p>\u00ab\u00a0Il y a eu un geste militaire, on ne peut pas faire comme si rien ne s\u2019\u00e9tait pass\u00e9\u00a0\u00bb, a-t-il dit en r\u00e9f\u00e9rence \u00e0 l\u2019annexion de la Crim\u00e9e. Pour lui, \u00ab\u00a0sans avanc\u00e9e claire et tangible sur le processus de Minsk\u00a0\u00bb (pour cesser les combats dans l\u2019est de l\u2019Ukraine), \u00ab\u00a0il ne peut y avoir une reformation du G8\u00a0\u00bb, qui \u00e9tait redevenu G7 sans la Russie apr\u00e8s l\u2019annexion.<\/p>\n<p>\u00ab\u00a0Mais il doit y avoir une discussion strat\u00e9gique. C\u2019est pour cela que cette semaine j\u2019aurai \u00e0 nouveau une longue discussion, nourrie, avec Vladimir Poutine, \u00e0 la fois en tant que pr\u00e9sident de la France et du G7\u00a0\u00bb, a pr\u00e9cis\u00e9 M. Macron.<\/p>\n<p>Vladimir Poutine n\u2019a pas \u00e9t\u00e9 invit\u00e9, ni la Russie mentionn\u00e9e par les pr\u00e9sidents fran\u00e7ais et am\u00e9ricain lors des c\u00e9r\u00e9monies du 75e anniversaire du D\u00e9barquement de Normandie.<\/p>\n<p>\u00ab\u00a0Nous avons des d\u00e9saccords mais on travaille ensemble\u00a0\u00bb, a assur\u00e9 M. Macron, citant notamment la coop\u00e9ration pour une solution politique en Syrie. Et \u00ab\u00a0on se tromperait \u00e0 laisser la Russie se tourner vers la Chine\u00a0\u00bb, a-t-il plaid\u00e9.<\/p>\n<p>Pour M. Macron, la Russie \u00ab\u00a0est un grand pays, qui a v\u00e9cu des drames avec nous\u00a0\u00bb et il ne faut \u00ab\u00a0jamais oublier ce qu\u2019ils ont pay\u00e9\u00a0\u00bb pendant la Seconde guerre mondiale.<\/p>\n<p>Le pr\u00e9sident Macron a par ailleurs plaid\u00e9 pour que \u00ab\u00a0les Europ\u00e9ens s\u2019\u00e9quipent europ\u00e9en\u00a0\u00bb pour leurs mat\u00e9riels strat\u00e9giques comme l\u2019armement ou les t\u00e9l\u00e9coms, dans un souci de \u00ab\u00a0souverainet\u00e9 europ\u00e9enne\u00a0\u00bb.<\/p>\n<p>\u00ab\u00a0Si l\u2019Europe veut exister, on ne peut pas dire qu\u2019on doute de l\u2019engagement des Etats-Unis et ne pas acheter d\u2019\u00e9quipements europ\u00e9ens\u00a0\u00bb, a-t-il lanc\u00e9.<\/p>\n<p>\u00ab\u00a0On doit pouvoir dire \u00e0 nos concitoyens qu\u2019on sait produire ce dont on a besoin pour fonctionner en autonomie\u00a0\u00bb, citant \u00ab\u00a0les t\u00e9l\u00e9coms, les c\u00e2bles sous-marins, la d\u00e9fense, l\u2019information et la mani\u00e8re de se d\u00e9placer\u00a0\u00bb.<\/p>\n<p>Interrog\u00e9 par ailleurs sur ses favoris pour les futurs dirigeants de l\u2019UE, il a seulement souhait\u00e9 que deux hommes et deux femmes acc\u00e8dent aux quatre postes-cl\u00e9s (pr\u00e9sidence du Parlement, de la Commission, du Conseil et repr\u00e9sentant diplomatique de l\u2019UE).<\/p>\n<p>Il a aussi assur\u00e9, \u00e0 propos d\u2019une hypoth\u00e9tique candidature d\u2019Angela Merkel, \u00ab\u00a0le voudrait-elle, je la soutiendrais\u00a0\u00bb.<\/p>\n<p>Quant \u00e0 la mort du petit ch\u00eane offert \u00e0 Donald Trump l\u2019an dernier, \u00ab\u00a0j\u2019en enverrai un autre\u00a0\u00bb , a-t-il promis. \u00ab\u00a0Le symbole \u00e9tait de le planter ensemble. Le pauvre n\u2019a pas surv\u00e9cu car il a \u00e9t\u00e9 soumis \u00e0 un r\u00e9gime un peu dur\u00a0\u00bb, a-t-il souri (l\u2019arbre est mort apr\u00e8s avoir \u00e9t\u00e9 plac\u00e9 en quarantaine) mais \u00ab\u00a0il ne faut pas voir un symbole l\u00e0 o\u00f9 il n\u2019y en a pas\u00a0\u00bb.<\/p>\n<\/div>\n<p>Auteur: AFP<br \/>\n<a href=\"https:\/\/www.journalducameroun.com\/pour-macron-leurope-doit-dialoguer-avec-la-russie\/\">Cliquez ici pour lire l&rsquo;article depuis sa source.<\/a><\/p>\n","protected":false},"excerpt":{"rendered":"<p>Publi\u00e9 le 11.06.2019 \u00e0 20h50 par AFP \u00ab\u00a0L\u2019Europe doit dialoguer avec la Russie\u00a0\u00bb, laquelle doit de son c\u00f4t\u00e9 \u00ab\u00a0faire des efforts\u00a0\u00bb, a affirm\u00e9 Emmanuel Macron dans une interview mardi soir \u00e0 la cha\u00eene publique suisse RTS. \u00ab\u00a0L\u2019Europe, dans cet ordre multilat\u00e9ral que je d\u00e9fends, a besoin de reb\u00e2tir une nouvelle grammaire de confiance et de [&hellip;]<\/p>\n","protected":false},"author":1965,"featured_media":0,"comment_status":"closed","ping_status":"closed","sticky":false,"template":"","format":"standard","meta":{"fifu_image_url":"","fifu_image_alt":"","footnotes":""},"categories":[73,82],"tags":[],"class_list":["post-40086","post","type-post","status-publish","format-standard","hentry","category-actualite","category-cameroun"],"_links":{"self":[{"href":"https:\/\/linitiative.ca\/International\/wp-json\/wp\/v2\/posts\/40086","targetHints":{"allow":["GET"]}}],"collection":[{"href":"https:\/\/linitiative.ca\/International\/wp-json\/wp\/v2\/posts"}],"about":[{"href":"https:\/\/linitiative.ca\/International\/wp-json\/wp\/v2\/types\/post"}],"author":[{"embeddable":true,"href":"https:\/\/linitiative.ca\/International\/wp-json\/wp\/v2\/users\/1965"}],"replies":[{"embeddable":true,"href":"https:\/\/linitiative.ca\/International\/wp-json\/wp\/v2\/comments?post=40086"}],"version-history":[{"count":0,"href":"https:\/\/linitiative.ca\/International\/wp-json\/wp\/v2\/posts\/40086\/revisions"}],"wp:attachment":[{"href":"https:\/\/linitiative.ca\/International\/wp-json\/wp\/v2\/media?parent=40086"}],"wp:term":[{"taxonomy":"category","embeddable":true,"href":"https:\/\/linitiative.ca\/International\/wp-json\/wp\/v2\/categories?post=40086"},{"taxonomy":"post_tag","embeddable":true,"href":"https:\/\/linitiative.ca\/International\/wp-json\/wp\/v2\/tags?post=40086"}],"curies":[{"name":"wp","href":"https:\/\/api.w.org\/{rel}","templated":true}]}}