{"id":40087,"date":"2019-06-11T15:50:07","date_gmt":"2019-06-11T19:50:07","guid":{"rendered":"https:\/\/linitiative.ca\/International\/premier-cas-confirme-debola-en-ouganda-selon-loms-2\/"},"modified":"2019-06-11T15:50:07","modified_gmt":"2019-06-11T19:50:07","slug":"premier-cas-confirme-debola-en-ouganda-selon-loms-2","status":"publish","type":"post","link":"https:\/\/linitiative.ca\/International\/premier-cas-confirme-debola-en-ouganda-selon-loms-2\/","title":{"rendered":"Premier cas confirm\u00e9 d\u2019Ebola en Ouganda selon l\u2019OMS"},"content":{"rendered":"<div readability=\"32\">\n<p>Publi\u00e9 le 11.06.2019 \u00e0 20h50 par AFP<\/p>\n<\/div>\n<div readability=\"52\">\n<p>Un gar\u00e7on de cinq ans, trait\u00e9 en Ouganda pour Ebola, constitue le premier cas de cette maladie dans le pays depuis l\u2019apparition de l\u2019\u00e9pid\u00e9mie en R\u00e9publique d\u00e9mocratique du Congo il y a dix mois, a annonc\u00e9 mardi l\u2019Organisation mondiale de la sant\u00e9.<\/p>\n<p>\u00ab\u00a0Le cas confirm\u00e9 est celui d\u2019un enfant congolais de cinq ans qui est venu de RDC avec sa famille le 9 juin 2019. L\u2019enfant et sa famille sont entr\u00e9s dans le pays en passant par le poste-fronti\u00e8re de Bwera et ont cherch\u00e9 \u00e0 recevoir des soins\u00a0\u00bb, a \u00e9crit l\u2019OMS sur Twitter.<\/p>\n<p>Le minist\u00e8re ougandais de la Sant\u00e9 et l\u2019OMS ont envoy\u00e9 une \u00e9quipe de sp\u00e9cialistes dans la ville de Kasese (ouest) pour essayer de retrouver d\u2019autres cas probables de la maladie et de vacciner ceux qui auraient pu entrer en contact avec l\u2019enfant malade, selon l\u2019OMS<\/p>\n<p>L\u2019Ouganda s\u2019\u00e9tait mis en \u00e9tat d\u2019alerte depuis le d\u00e9but de l\u2019\u00e9pid\u00e9mie dans l\u2019est de la RDC, o\u00f9 plus de 2.000 cas d\u2019Ebola ont \u00e9t\u00e9 enregistr\u00e9s. Les deux tiers de ces malades sont morts.<\/p>\n<\/div>\n<p>Auteur: AFP<br \/>\n<a href=\"https:\/\/www.journalducameroun.com\/premier-cas-confirme-debola-en-ouganda-selon-loms-2\/\">Cliquez ici pour lire l&rsquo;article depuis sa source.<\/a><\/p>\n","protected":false},"excerpt":{"rendered":"<p>Publi\u00e9 le 11.06.2019 \u00e0 20h50 par AFP Un gar\u00e7on de cinq ans, trait\u00e9 en Ouganda pour Ebola, constitue le premier cas de cette maladie dans le pays depuis l\u2019apparition de l\u2019\u00e9pid\u00e9mie en R\u00e9publique d\u00e9mocratique du Congo il y a dix mois, a annonc\u00e9 mardi l\u2019Organisation mondiale de la sant\u00e9. \u00ab\u00a0Le cas confirm\u00e9 est celui d\u2019un [&hellip;]<\/p>\n","protected":false},"author":1965,"featured_media":0,"comment_status":"closed","ping_status":"closed","sticky":false,"template":"","format":"standard","meta":{"fifu_image_url":"","fifu_image_alt":"","footnotes":""},"categories":[73,82],"tags":[],"class_list":["post-40087","post","type-post","status-publish","format-standard","hentry","category-actualite","category-cameroun"],"_links":{"self":[{"href":"https:\/\/linitiative.ca\/International\/wp-json\/wp\/v2\/posts\/40087","targetHints":{"allow":["GET"]}}],"collection":[{"href":"https:\/\/linitiative.ca\/International\/wp-json\/wp\/v2\/posts"}],"about":[{"href":"https:\/\/linitiative.ca\/International\/wp-json\/wp\/v2\/types\/post"}],"author":[{"embeddable":true,"href":"https:\/\/linitiative.ca\/International\/wp-json\/wp\/v2\/users\/1965"}],"replies":[{"embeddable":true,"href":"https:\/\/linitiative.ca\/International\/wp-json\/wp\/v2\/comments?post=40087"}],"version-history":[{"count":0,"href":"https:\/\/linitiative.ca\/International\/wp-json\/wp\/v2\/posts\/40087\/revisions"}],"wp:attachment":[{"href":"https:\/\/linitiative.ca\/International\/wp-json\/wp\/v2\/media?parent=40087"}],"wp:term":[{"taxonomy":"category","embeddable":true,"href":"https:\/\/linitiative.ca\/International\/wp-json\/wp\/v2\/categories?post=40087"},{"taxonomy":"post_tag","embeddable":true,"href":"https:\/\/linitiative.ca\/International\/wp-json\/wp\/v2\/tags?post=40087"}],"curies":[{"name":"wp","href":"https:\/\/api.w.org\/{rel}","templated":true}]}}