{"id":40088,"date":"2019-06-11T16:18:04","date_gmt":"2019-06-11T20:18:04","guid":{"rendered":"https:\/\/linitiative.ca\/International\/burkina-iron-biby-presente-ses-trophees-au-president-kabore\/"},"modified":"2019-06-11T16:18:04","modified_gmt":"2019-06-11T20:18:04","slug":"burkina-iron-biby-presente-ses-trophees-au-president-kabore","status":"publish","type":"post","link":"https:\/\/linitiative.ca\/International\/burkina-iron-biby-presente-ses-trophees-au-president-kabore\/","title":{"rendered":"Burkina : Iron Biby pr\u00e9sente ses troph\u00e9es au pr\u00e9sident Kabor\u00e9"},"content":{"rendered":"<div readability=\"32\">\n<p>Publi\u00e9 le 11.06.2019 \u00e0 21h18 par APA News<\/p>\n<\/div>\n<div readability=\"46\">\n<p>L\u2019homme le plus fort du monde, le Burkinab\u00e8 Cheik Hamed Al-Hassane Sanou alias Iron Biby a pr\u00e9sent\u00e9, mardi \u00e0 Ouagadougou, ses troph\u00e9es au pr\u00e9sident du Faso, Roch Marc Christian Kabor\u00e9, rapporte un communiqu\u00e9 de la Direction de communication de la pr\u00e9sidence de la R\u00e9publique.Le texte informe que l\u2019h\u00f4te a pr\u00e9sent\u00e9 au pr\u00e9sident Kabor\u00e9 ses troph\u00e9es et ses certificats de record Guinness.<\/p>\n<p>Iron Biby a battu son propre record de l\u2019ann\u00e9e pr\u00e9c\u00e9dente en soulevant 220 kilogrammes lors de l\u2019Europe strongest man qui a eu lieu le 6 avril 2019 \u00e0 Leeds (Angleterre).\u00a0<\/p>\n<p>Le sportif burkinab\u00e8 vivant au Canada avait remport\u00e9 en 2018 le titre de l\u2019homme le plus fort du monde de log lift en soulevant 213 kilogrammes.<\/p>\n<\/div>\n<p>Auteur: APA News<br \/>\n<a href=\"https:\/\/www.journalducameroun.com\/burkina-iron-biby-presente-ses-trophees-au-president-kabore\/\">Cliquez ici pour lire l&rsquo;article depuis sa source.<\/a><\/p>\n","protected":false},"excerpt":{"rendered":"<p>Publi\u00e9 le 11.06.2019 \u00e0 21h18 par APA News L\u2019homme le plus fort du monde, le Burkinab\u00e8 Cheik Hamed Al-Hassane Sanou alias Iron Biby a pr\u00e9sent\u00e9, mardi \u00e0 Ouagadougou, ses troph\u00e9es au pr\u00e9sident du Faso, Roch Marc Christian Kabor\u00e9, rapporte un communiqu\u00e9 de la Direction de communication de la pr\u00e9sidence de la R\u00e9publique.Le texte informe que [&hellip;]<\/p>\n","protected":false},"author":1965,"featured_media":0,"comment_status":"closed","ping_status":"closed","sticky":false,"template":"","format":"standard","meta":{"fifu_image_url":"","fifu_image_alt":"","footnotes":""},"categories":[73,82],"tags":[],"class_list":["post-40088","post","type-post","status-publish","format-standard","hentry","category-actualite","category-cameroun"],"_links":{"self":[{"href":"https:\/\/linitiative.ca\/International\/wp-json\/wp\/v2\/posts\/40088","targetHints":{"allow":["GET"]}}],"collection":[{"href":"https:\/\/linitiative.ca\/International\/wp-json\/wp\/v2\/posts"}],"about":[{"href":"https:\/\/linitiative.ca\/International\/wp-json\/wp\/v2\/types\/post"}],"author":[{"embeddable":true,"href":"https:\/\/linitiative.ca\/International\/wp-json\/wp\/v2\/users\/1965"}],"replies":[{"embeddable":true,"href":"https:\/\/linitiative.ca\/International\/wp-json\/wp\/v2\/comments?post=40088"}],"version-history":[{"count":0,"href":"https:\/\/linitiative.ca\/International\/wp-json\/wp\/v2\/posts\/40088\/revisions"}],"wp:attachment":[{"href":"https:\/\/linitiative.ca\/International\/wp-json\/wp\/v2\/media?parent=40088"}],"wp:term":[{"taxonomy":"category","embeddable":true,"href":"https:\/\/linitiative.ca\/International\/wp-json\/wp\/v2\/categories?post=40088"},{"taxonomy":"post_tag","embeddable":true,"href":"https:\/\/linitiative.ca\/International\/wp-json\/wp\/v2\/tags?post=40088"}],"curies":[{"name":"wp","href":"https:\/\/api.w.org\/{rel}","templated":true}]}}