{"id":40089,"date":"2019-06-11T16:50:01","date_gmt":"2019-06-11T20:50:01","guid":{"rendered":"https:\/\/linitiative.ca\/International\/ebola-portrait-dun-virus-tueur\/"},"modified":"2019-06-11T16:50:01","modified_gmt":"2019-06-11T20:50:01","slug":"ebola-portrait-dun-virus-tueur","status":"publish","type":"post","link":"https:\/\/linitiative.ca\/International\/ebola-portrait-dun-virus-tueur\/","title":{"rendered":"Ebola: portrait d\u2019un virus tueur"},"content":{"rendered":"<div readability=\"32\">\n<p>Publi\u00e9 le 11.06.2019 \u00e0 21h50 par AFP<\/p>\n<\/div>\n<div readability=\"136\">\n<p>Provoquant fi\u00e8vre, vomissements et diarrh\u00e9es intenses, le virus Ebola est redout\u00e9 en raison de son taux de l\u00e9talit\u00e9 tr\u00e8s \u00e9lev\u00e9.<\/p>\n<p>Mardi, l\u2019Organisation mondiale de la sant\u00e9 a annonc\u00e9 qu\u2019un gar\u00e7on de cinq ans, trait\u00e9 en Ouganda pour Ebola, constituait le premier cas de cette maladie dans le pays depuis l\u2019apparition de l\u2019actuelle \u00e9pid\u00e9mie en R\u00e9publique d\u00e9mocratique du Congo (RDC), il y a dix mois.<\/p>\n<p>\u2013 D\u2019o\u00f9 vient le virus? \u2013<\/p>\n<p>C\u2019est en RDC (\u00e0 l\u2019\u00e9poque, Za\u00efre) que le virus Ebola a \u00e9t\u00e9 identifi\u00e9 pour la premi\u00e8re fois en 1976. Ce virus de la famille des filoviridae (filovirus) doit son nom \u00e0 une rivi\u00e8re du nord du pays.<\/p>\n<p>Cinq types distincts de virus Ebola ont depuis \u00e9t\u00e9 r\u00e9pertori\u00e9s: Za\u00efre, Soudan, Bundibugyo, Reston et For\u00eat de Ta\u00ef.<\/p>\n<p>En juillet 2018, le gouvernement sierra-l\u00e9onais a indiqu\u00e9 qu\u2019un nouveau type de virus Ebola avait \u00e9t\u00e9 d\u00e9couvert sur des chauves-souris en Sierra Leone.<\/p>\n<p>\u00ab\u00a0A l\u2019heure actuelle, on ne sait pas encore si le virus Ebola de Bombali a \u00e9t\u00e9 transmis \u00e0 l\u2019homme ou s\u2019il est cause de maladie chez l\u2019homme, mais il a le potentiel pour infecter les cellules humaines\u00a0\u00bb, a d\u00e9clar\u00e9 un haut responsable du minist\u00e8re de la Sant\u00e9.<\/p>\n<p>\u2013 Comment se transmet-il? \u2013<\/p>\n<p>Le virus circule parmi les chauve-souris mangeuses de fruits, consid\u00e9r\u00e9es comme l\u2019h\u00f4te naturel d\u2019Ebola mais elles ne d\u00e9veloppent pas la maladie. D\u2019autres mammif\u00e8res comme les grands singes, les antilopes ou les porcs-\u00e9pics peuvent le v\u00e9hiculer puis le transmettre \u00e0 l\u2019homme.<\/p>\n<p>Lors d\u2019une \u00e9pid\u00e9mie, Ebola se transmet entre humains par contacts directs et \u00e9troits. Une personne saine est contamin\u00e9e par les \u00ab\u00a0fluides corporels\u00a0\u00bb d\u2019une personne malade: sang, vomissures, mati\u00e8res f\u00e9cales, etc.<\/p>\n<p>Contrairement \u00e0 la grippe, ce virus ne peut pas se transmettre par voie a\u00e9rienne. Aussi Ebola est-il moins contagieux que de nombreuses autres maladies virales. Mais ce virus est redoutable en raison de son \u00ab\u00a0taux de l\u00e9talit\u00e9\u00a0\u00bb tr\u00e8s \u00e9lev\u00e9: il tue en moyenne la moiti\u00e9 des personnes qu\u2019il atteint, selon l\u2019OMS.<\/p>\n<p>\u2013 Quels sympt\u00f4mes? \u2013<\/p>\n<p>Apr\u00e8s une p\u00e9riode d\u2019incubation de 2 \u00e0 21 jours (en moyenne autour de cinq jours), Ebola se manifeste par une brusque fi\u00e8vre, avec une faiblesse intense, des douleurs musculaires et articulaires, des maux de t\u00eate et de gorge et, dans certains cas, des h\u00e9morragies.<\/p>\n<p>Des s\u00e9quelles ont \u00e9t\u00e9 fr\u00e9quemment observ\u00e9es chez les survivants: arthrite, probl\u00e8mes de vue, inflammation de l\u2019oeil et troubles de l\u2019audition.<\/p>\n<p>\u2013 Quels traitements? \u2013<\/p>\n<p>Il n\u2019existe actuellement aucun vaccin ni traitement commercialis\u00e9 pour faire face \u00e0 Ebola, mais plusieurs pistes sont \u00e0 l\u2019essai.<\/p>\n<p>Un vaccin exp\u00e9rimental a \u00e9t\u00e9 mis au point \u00e0 la suite de la terrible \u00e9pid\u00e9mie d\u2019Ebola qui a frapp\u00e9 l\u2019Afrique de l\u2019Ouest entre fin 2013 et 2016, causant plus de 11.300 morts.<\/p>\n<p>Ce vaccin est actuellement utilis\u00e9 dans une campagne de vaccination cibl\u00e9e en RDC.<\/p>\n<p>\u2013 La pire \u00e9pid\u00e9mie entre 2013 et 2016 \u2013<\/p>\n<p>Partie du sud de la Guin\u00e9e en d\u00e9cembre 2013, l\u2019\u00e9pid\u00e9mie la plus violente de l\u2019Histoire avait fait jusqu\u2019en janvier 2016 plus de 11.300 morts pour environ 29.000 cas recens\u00e9s, selon l\u2019OMS. Les victimes \u00e9taient concentr\u00e9es \u00e0 plus de 99% au Liberia, en Sierra Leone et en Guin\u00e9e.<\/p>\n<p>En RDC, l\u2019\u00e9pid\u00e9mie a \u00e9t\u00e9 d\u00e9clar\u00e9e le 1er ao\u00fbt 2018 dans la province du Nord-Kivu avant de toucher quelques jours plus tard la province voisine de l\u2019Ituri (nord-est).<\/p>\n<p>Plus de 2.000 personnes ont depuis contract\u00e9 le virus Ebola et 1.384 sont d\u00e9c\u00e9d\u00e9es. Il s\u2019agit de la dixi\u00e8me et la plus grave \u00e9pid\u00e9mie d\u2019Ebola enregistr\u00e9e sur le sol congolais depuis 1976. Elle est la deuxi\u00e8me la plus grave apr\u00e8s celle en Afrique de l\u2019Ouest.<\/p>\n<\/div>\n<p>Auteur: AFP<br \/>\n<a href=\"https:\/\/www.journalducameroun.com\/ebola-portrait-dun-virus-tueur-2\/\">Cliquez ici pour lire l&rsquo;article depuis sa source.<\/a><\/p>\n","protected":false},"excerpt":{"rendered":"<p>Publi\u00e9 le 11.06.2019 \u00e0 21h50 par AFP Provoquant fi\u00e8vre, vomissements et diarrh\u00e9es intenses, le virus Ebola est redout\u00e9 en raison de son taux de l\u00e9talit\u00e9 tr\u00e8s \u00e9lev\u00e9. Mardi, l\u2019Organisation mondiale de la sant\u00e9 a annonc\u00e9 qu\u2019un gar\u00e7on de cinq ans, trait\u00e9 en Ouganda pour Ebola, constituait le premier cas de cette maladie dans le pays [&hellip;]<\/p>\n","protected":false},"author":1965,"featured_media":0,"comment_status":"closed","ping_status":"closed","sticky":false,"template":"","format":"standard","meta":{"fifu_image_url":"","fifu_image_alt":"","footnotes":""},"categories":[73,82],"tags":[],"class_list":["post-40089","post","type-post","status-publish","format-standard","hentry","category-actualite","category-cameroun"],"_links":{"self":[{"href":"https:\/\/linitiative.ca\/International\/wp-json\/wp\/v2\/posts\/40089","targetHints":{"allow":["GET"]}}],"collection":[{"href":"https:\/\/linitiative.ca\/International\/wp-json\/wp\/v2\/posts"}],"about":[{"href":"https:\/\/linitiative.ca\/International\/wp-json\/wp\/v2\/types\/post"}],"author":[{"embeddable":true,"href":"https:\/\/linitiative.ca\/International\/wp-json\/wp\/v2\/users\/1965"}],"replies":[{"embeddable":true,"href":"https:\/\/linitiative.ca\/International\/wp-json\/wp\/v2\/comments?post=40089"}],"version-history":[{"count":0,"href":"https:\/\/linitiative.ca\/International\/wp-json\/wp\/v2\/posts\/40089\/revisions"}],"wp:attachment":[{"href":"https:\/\/linitiative.ca\/International\/wp-json\/wp\/v2\/media?parent=40089"}],"wp:term":[{"taxonomy":"category","embeddable":true,"href":"https:\/\/linitiative.ca\/International\/wp-json\/wp\/v2\/categories?post=40089"},{"taxonomy":"post_tag","embeddable":true,"href":"https:\/\/linitiative.ca\/International\/wp-json\/wp\/v2\/tags?post=40089"}],"curies":[{"name":"wp","href":"https:\/\/api.w.org\/{rel}","templated":true}]}}