{"id":40090,"date":"2019-06-11T17:50:01","date_gmt":"2019-06-11T21:50:01","guid":{"rendered":"https:\/\/linitiative.ca\/International\/liran-libere-un-libanais-condamne-pour-espionnage-au-profit-des-etats-unis\/"},"modified":"2019-06-11T17:50:01","modified_gmt":"2019-06-11T21:50:01","slug":"liran-libere-un-libanais-condamne-pour-espionnage-au-profit-des-etats-unis","status":"publish","type":"post","link":"https:\/\/linitiative.ca\/International\/liran-libere-un-libanais-condamne-pour-espionnage-au-profit-des-etats-unis\/","title":{"rendered":"L\u2019Iran lib\u00e8re un Libanais condamn\u00e9 pour espionnage au profit des Etats-Unis"},"content":{"rendered":"<div readability=\"32\">\n<p>Publi\u00e9 le 11.06.2019 \u00e0 22h50 par AFP<\/p>\n<\/div>\n<div readability=\"148\">\n<p>Un Libanais arr\u00eat\u00e9 en 2015 en Iran et condamn\u00e9 \u00e0 dix ans de prison pour \u00ab\u00a0espionnage\u00a0\u00bb au profit des Etats-Unis est arriv\u00e9 mardi \u00e0 Beyrouth quelques heures apr\u00e8s avoir \u00e9t\u00e9 lib\u00e9r\u00e9, dans un contexte de tensions croissantes entre T\u00e9h\u00e9ran et Washington.<\/p>\n<p>R\u00e9sidant aux Etats-Unis, Nizar Zakka a \u00e9t\u00e9 re\u00e7u par le pr\u00e9sident libanais Michel Aoun \u00e0 son arriv\u00e9e dans la capitale libanaise, o\u00f9 il d\u00e9menti les accusations qui pesaient contre lui en Iran.<\/p>\n<p>\u00ab\u00a0Il n\u2019y a pas eu espionnage\u00a0\u00bb, a d\u00e9clar\u00e9 M. Zakka lors d\u2019un point de presse tenu au palais pr\u00e9sidentiel.<\/p>\n<p>\u00ab\u00a0Je ne rentrerai pas dans les d\u00e9tails de mon enl\u00e8vement, de mon incarc\u00e9ration (\u2026) ni du proc\u00e8s fictif\u00a0\u00bb, a-t-il ajout\u00e9.<\/p>\n<p>M. Zakka est rentr\u00e9 au Liban \u00e0 bord d\u2019un avion priv\u00e9, accompagn\u00e9 par le chef de la S\u00fbret\u00e9 g\u00e9n\u00e9rale libanaise Abbas Ibrahim, parti \u00e0 T\u00e9h\u00e9ran pour aller le chercher, selon le service de s\u00e9curit\u00e9.<\/p>\n<p>Les Etats-Unis ont salu\u00e9 sa lib\u00e9ration, esp\u00e9rant qu\u2019elle constituait \u00ab\u00a0un signe positif pour les d\u00e9tenus am\u00e9ricains en Iran\u00a0\u00bb, selon les d\u00e9clarations d\u2019un porte-parole du d\u00e9partement d\u2019Etat am\u00e9ricain.<\/p>\n<p>\u2013 \u00ab\u00a0Gr\u00e2ce \u00e0 Nasrallah\u00a0\u00bb \u2013<\/p>\n<p>M. Zakka s\u2019\u00e9tait rendu \u00e0 T\u00e9h\u00e9ran en 2015 pour participer \u00e0 une conf\u00e9rence sur le leadership dans le monde des affaires, \u00e0 l\u2019invitation des autorit\u00e9s iraniennes, selon ses proches.<\/p>\n<p>Il occupait alors le poste de secr\u00e9taire g\u00e9n\u00e9ral de l\u2019organisation arabe pour les technologies de l\u2019information et de la communication.<\/p>\n<p>Au moment de son arrestation en septembre 2015, la t\u00e9l\u00e9vision \u00e9tatique iranienne avait fait part de \u00ab\u00a0liens profonds\u00a0\u00bb entre M. Zakka et \u00ab\u00a0la communaut\u00e9 militaire et (celle) du renseignement des Etats-Unis\u00a0\u00bb.<\/p>\n<p>Il avait \u00e9t\u00e9 condamn\u00e9 en juillet 2016 \u00e0 dix ans de prison pour \u00ab\u00a0espionnage\u00a0\u00bb au profit de Washington. Fin 2017, la justice iranienne avait confirm\u00e9 en appel sa peine, tout comme elle avait confirm\u00e9 la peine d\u2019un Am\u00e9ricain et deux Irano-am\u00e9ricains accus\u00e9s de \u00ab\u00a0collaboration\u00a0\u00bb avec les Etats-Unis.<\/p>\n<p>L\u2019agence de presse de l\u2019Autorit\u00e9 judiciaire iranienne, Mizan Online, avait fait \u00e9tat mardi matin de \u00ab\u00a0la lib\u00e9ration conditionnelle\u00a0\u00bb de M. Zakka sur d\u00e9cision de la Justice.<\/p>\n<p>Selon la loi iranienne, les condamn\u00e9s purgeant une peine allant jusqu\u2019\u00e0 dix ans de prison peuvent \u00eatre lib\u00e9r\u00e9s sous conditions \u00ab\u00a0s\u2019ils purgent au moins un tiers de leur peine et s\u2019ils font preuve de bonne conduite\u00a0\u00bb, a expliqu\u00e9 le porte-parole de l\u2019Autorit\u00e9 judiciaire, Gholamhossein Esma\u00efli, cit\u00e9 par cette agence.<\/p>\n<p>D\u2019apr\u00e8s M. Esma\u00efli, le pr\u00e9sident libanais a demand\u00e9 \u00ab\u00a0par \u00e9crit\u00a0\u00bb \u00e0 ce que soit facilit\u00e9e la lib\u00e9ration de M. Zakka et le mouvement chiite libanais Hezbollah, alli\u00e9 de l\u2019Iran, a consid\u00e9r\u00e9 \u00ab\u00a0opportune\u00a0\u00bb la d\u00e9cision de le lib\u00e9rer.<\/p>\n<p>L\u2019agence de presse Fars avait annonc\u00e9 lundi que la lib\u00e9ration de Nizar Zakka faisait suite \u00e0 \u00ab\u00a0la demande et la m\u00e9diation\u00a0\u00bb du chef du Hezbollah, Hassan Nasrallah.<\/p>\n<p>\u00ab\u00a0Zaka a \u00e9t\u00e9 lib\u00e9r\u00e9 et extrad\u00e9, gr\u00e2ce \u00e0 la m\u00e9diation de Nasrallah\u00a0\u00bb, a pr\u00e9cis\u00e9 l\u2019agence citant une \u00ab\u00a0source bien inform\u00e9e\u00a0\u00bb.<\/p>\n<p>Mardi, sans nier le r\u00f4le du parti chiite, le directeur de la S\u00fbret\u00e9 g\u00e9n\u00e9rale libanaise a insist\u00e9 sur la primaut\u00e9 de l\u2019initiative men\u00e9e par le pr\u00e9sident libanais.<\/p>\n<p>\u2013 Tensions croissantes \u2013<\/p>\n<p>\u00ab\u00a0Nizar veut (\u2026) rappeler \u00e0 ceux qui peuvent aider qu\u2019il reste encore beaucoup d\u2019Am\u00e9ricains (\u2026) et d\u2019autres \u00e9trangers dans les prisons iraniennes\u00a0\u00bb, a d\u00e9clar\u00e9 dans un communiqu\u00e9 l\u2019avocat de M. Zakka, Jason Poblete, bas\u00e9 aux Etats-Unis.<\/p>\n<p>L\u2019Iran et les Etats-Unis n\u2019entretiennent plus de relations diplomatiques depuis 1980 et leurs rapports se sont envenim\u00e9s apr\u00e8s l\u2019arriv\u00e9e au pouvoir du pr\u00e9sident am\u00e9ricain Donald Trump.<\/p>\n<p>Ces tensions sont mont\u00e9es d\u2019un cran quand Washington a quitt\u00e9 unilat\u00e9ralement en mai 2018 un accord international sur le nucl\u00e9aire iranien, r\u00e9tablissant ensuite une batterie de sanctions \u00e9conomiques contre T\u00e9h\u00e9ran.<\/p>\n<p>D\u00e9but avril, Washington a plac\u00e9 en outre les Gardiens de la R\u00e9volution, l\u2019arm\u00e9e id\u00e9ologique du r\u00e9gime, sur sa liste noire des \u00ab\u00a0organisations terroristes \u00e9trang\u00e8res\u00a0\u00bb.<\/p>\n<p>Un mois plus tard, M. Trump a menac\u00e9 l\u2019Iran de destruction en cas d\u2019attaque contre des int\u00e9r\u00eats am\u00e9ricains, apr\u00e8s plusieurs actes de sabotage dans la r\u00e9gion du Golfe imput\u00e9s \u00e0 l\u2019Iran et \u00e0 ses alli\u00e9s.<\/p>\n<\/div>\n<p>Auteur: AFP<br \/>\n<a href=\"https:\/\/www.journalducameroun.com\/liran-libere-un-libanais-condamne-pour-espionnage-au-profit-des-etats-unis\/\">Cliquez ici pour lire l&rsquo;article depuis sa source.<\/a><\/p>\n","protected":false},"excerpt":{"rendered":"<p>Publi\u00e9 le 11.06.2019 \u00e0 22h50 par AFP Un Libanais arr\u00eat\u00e9 en 2015 en Iran et condamn\u00e9 \u00e0 dix ans de prison pour \u00ab\u00a0espionnage\u00a0\u00bb au profit des Etats-Unis est arriv\u00e9 mardi \u00e0 Beyrouth quelques heures apr\u00e8s avoir \u00e9t\u00e9 lib\u00e9r\u00e9, dans un contexte de tensions croissantes entre T\u00e9h\u00e9ran et Washington. R\u00e9sidant aux Etats-Unis, Nizar Zakka a \u00e9t\u00e9 [&hellip;]<\/p>\n","protected":false},"author":1965,"featured_media":0,"comment_status":"closed","ping_status":"closed","sticky":false,"template":"","format":"standard","meta":{"fifu_image_url":"","fifu_image_alt":"","footnotes":""},"categories":[73,82],"tags":[],"class_list":["post-40090","post","type-post","status-publish","format-standard","hentry","category-actualite","category-cameroun"],"_links":{"self":[{"href":"https:\/\/linitiative.ca\/International\/wp-json\/wp\/v2\/posts\/40090","targetHints":{"allow":["GET"]}}],"collection":[{"href":"https:\/\/linitiative.ca\/International\/wp-json\/wp\/v2\/posts"}],"about":[{"href":"https:\/\/linitiative.ca\/International\/wp-json\/wp\/v2\/types\/post"}],"author":[{"embeddable":true,"href":"https:\/\/linitiative.ca\/International\/wp-json\/wp\/v2\/users\/1965"}],"replies":[{"embeddable":true,"href":"https:\/\/linitiative.ca\/International\/wp-json\/wp\/v2\/comments?post=40090"}],"version-history":[{"count":0,"href":"https:\/\/linitiative.ca\/International\/wp-json\/wp\/v2\/posts\/40090\/revisions"}],"wp:attachment":[{"href":"https:\/\/linitiative.ca\/International\/wp-json\/wp\/v2\/media?parent=40090"}],"wp:term":[{"taxonomy":"category","embeddable":true,"href":"https:\/\/linitiative.ca\/International\/wp-json\/wp\/v2\/categories?post=40090"},{"taxonomy":"post_tag","embeddable":true,"href":"https:\/\/linitiative.ca\/International\/wp-json\/wp\/v2\/tags?post=40090"}],"curies":[{"name":"wp","href":"https:\/\/api.w.org\/{rel}","templated":true}]}}