{"id":40126,"date":"2019-06-12T06:17:06","date_gmt":"2019-06-12T10:17:06","guid":{"rendered":"https:\/\/linitiative.ca\/International\/pour-satisfaire-la-demande-tunisair-renforce-sa-flotte-de-cinq-avions-loues\/"},"modified":"2019-06-12T06:17:06","modified_gmt":"2019-06-12T10:17:06","slug":"pour-satisfaire-la-demande-tunisair-renforce-sa-flotte-de-cinq-avions-loues","status":"publish","type":"post","link":"https:\/\/linitiative.ca\/International\/pour-satisfaire-la-demande-tunisair-renforce-sa-flotte-de-cinq-avions-loues\/","title":{"rendered":"Pour satisfaire la demande : Tunisair renforce sa flotte de cinq avions lou\u00e9s"},"content":{"rendered":"<p>Le transporteur national essaie de rattraper le temps perdu, malgr\u00e9 les al\u00e9as et le manque de moyens financiers. Tunisair vient de louer, derni\u00e8rement, cinq avions et projette de louer cinq autres dans le cadre du renforcement de sa flotte, a d\u00e9clar\u00e9, hier, le ministre des Transports, Hichem Ben Ahmed.<\/p>\n<p>Lors de l\u2019ouverture de la 12\u00e8me conf\u00e9rence annuelle de la F\u00e9d\u00e9ration internationale de l\u2019information a\u00e9ronautique (FIIA), le ministre a ajout\u00e9 que la flotte de Tunisair sera renforc\u00e9e, d\u2019ici un an et demi, avec 10 nouveaux appareils, ajoutant que la compagnie envisage aussi de vendre, prochainement, 5 anciens appareils.<\/p>\n<p>Ben Ahmed a estim\u00e9 que \u00bb l\u2019approche adopt\u00e9e serait la meilleure en attendant la restructuration de Tunisair et le renouvellement de sa flotte \u00ab , rappelant que les probl\u00e8mes financiers de la soci\u00e9t\u00e9 ont entrav\u00e9 \u00e0 maintes reprises, l\u2019acquisition de nouveaux appareils, voire l\u2019annulation de la demande.<\/p>\n<p>\u00bb La location de ces avions se prolongera sur une p\u00e9riode de 12 ans \u00e0 des prix avantageux par rapport \u00e0 la location pour une ann\u00e9e \u00bb, a indiqu\u00e9 le ministre.<\/p>\n<p>Et d\u2019ajouter que cette approche a permis au transporteur national de r\u00e9cup\u00e9rer l\u2019avance financi\u00e8re allou\u00e9e auparavant \u00e0 l\u2019acquisition de nouveaux avions.<\/p>\n<p class=\"dpsp-share-text\">Partager c&rsquo;est aimer!<\/p>\n<div class=\"wp-post-author-wrap wp-post-author-shortcode left\">\n<h3 class=\"awpa-title\"\/>\n<div class=\"wp-post-author\">\n<div class=\"awpa-img awpa-author-block square\"><a href=\"http:\/\/lexpertjournal.net\/fr\/author\/expert\/\"><img loading=\"lazy\" decoding=\"async\" alt=\"\" src=\"http:\/\/2.gravatar.com\/avatar\/56d99be2a6f97af88ccb49fada637fcd?s=150&#038;d=mm&#038;r=g\" srcset=\"http:\/\/2.gravatar.com\/avatar\/56d99be2a6f97af88ccb49fada637fcd?s=300&#038;d=mm&#038;r=g 2x\" class=\"avatar avatar-150 photo\" height=\"150\" width=\"150\"\/><\/a><\/div>\n<\/div>\n<\/div>\n<p>Auteur: L&rsquo;expert<br \/>\n<a href=\"http:\/\/lexpertjournal.net\/fr\/2019\/06\/12\/pour-satisfaire-la-demande-tunisair-renforce-sa-flotte-de-cinq-avions-loues\/\">Cliquez ici pour lire l&rsquo;article depuis sa source.<\/a><\/p>\n","protected":false},"excerpt":{"rendered":"<p>Le transporteur national essaie de rattraper le temps perdu, malgr\u00e9 les al\u00e9as et le manque de moyens financiers. Tunisair vient de louer, derni\u00e8rement, cinq avions et projette de louer cinq autres dans le cadre du renforcement de sa flotte, a d\u00e9clar\u00e9, hier, le ministre des Transports, Hichem Ben Ahmed. Lors de l\u2019ouverture de la 12\u00e8me [&hellip;]<\/p>\n","protected":false},"author":1775,"featured_media":0,"comment_status":"closed","ping_status":"closed","sticky":false,"template":"","format":"standard","meta":{"fifu_image_url":"","fifu_image_alt":"","footnotes":""},"categories":[78,55],"tags":[],"class_list":["post-40126","post","type-post","status-publish","format-standard","hentry","category-economie","category-tunisie"],"_links":{"self":[{"href":"https:\/\/linitiative.ca\/International\/wp-json\/wp\/v2\/posts\/40126","targetHints":{"allow":["GET"]}}],"collection":[{"href":"https:\/\/linitiative.ca\/International\/wp-json\/wp\/v2\/posts"}],"about":[{"href":"https:\/\/linitiative.ca\/International\/wp-json\/wp\/v2\/types\/post"}],"author":[{"embeddable":true,"href":"https:\/\/linitiative.ca\/International\/wp-json\/wp\/v2\/users\/1775"}],"replies":[{"embeddable":true,"href":"https:\/\/linitiative.ca\/International\/wp-json\/wp\/v2\/comments?post=40126"}],"version-history":[{"count":0,"href":"https:\/\/linitiative.ca\/International\/wp-json\/wp\/v2\/posts\/40126\/revisions"}],"wp:attachment":[{"href":"https:\/\/linitiative.ca\/International\/wp-json\/wp\/v2\/media?parent=40126"}],"wp:term":[{"taxonomy":"category","embeddable":true,"href":"https:\/\/linitiative.ca\/International\/wp-json\/wp\/v2\/categories?post=40126"},{"taxonomy":"post_tag","embeddable":true,"href":"https:\/\/linitiative.ca\/International\/wp-json\/wp\/v2\/tags?post=40126"}],"curies":[{"name":"wp","href":"https:\/\/api.w.org\/{rel}","templated":true}]}}