{"id":40128,"date":"2019-06-12T06:23:13","date_gmt":"2019-06-12T10:23:13","guid":{"rendered":"https:\/\/linitiative.ca\/International\/deficit-commercial-de-8106-md-les-cinq-premiers-mois-de-2019-porteurs-de-mauvaises-nouvelles\/"},"modified":"2019-06-12T06:23:13","modified_gmt":"2019-06-12T10:23:13","slug":"deficit-commercial-de-8106-md-les-cinq-premiers-mois-de-2019-porteurs-de-mauvaises-nouvelles","status":"publish","type":"post","link":"https:\/\/linitiative.ca\/International\/deficit-commercial-de-8106-md-les-cinq-premiers-mois-de-2019-porteurs-de-mauvaises-nouvelles\/","title":{"rendered":"D\u00e9ficit commercial de 8106 MD : Les cinq premiers mois de 2019 porteurs de mauvaises nouvelles"},"content":{"rendered":"<p>Le d\u00e9ficit commercial s\u2019est \u00e9tabli \u00e0 8106 MD durant les cinq premiers mois de l\u2019ann\u00e9e 2019, contre 6624,5 MD durant la m\u00eame p\u00e9riode de 2018, selon la note sur le Commerce Ext\u00e9rieur aux prix Courants\/ Mai 2019, publi\u00e9e mardi par l\u2019Institut national de la Statistique (INS).<\/p>\n<p>Cette aggravation s\u2019explique par le d\u00e9ficit enregistr\u00e9 avec certains pays, tels que la Chine (-2497,7 MD), l\u2019Italie (-1360,9 MD), l\u2019Alg\u00e9rie (-1348,3 MD), la Turquie (-1156,2 MD) et la Russie (-700 MD).<\/p>\n<p>En revanche, le solde de la balance commerciale a enregistr\u00e9 un exc\u00e9dant avec d\u2019autres pays principalement la France de 2095 MD, la Libye de 577 MD et le Maroc de 243,7 MD.<\/p>\n<p>Le taux de couverture a enregistr\u00e9 une baisse de 1,3 point par rapport aux cinq premiers mois de l\u2019ann\u00e9e 2018 pour s\u2019\u00e9tablir \u00e0 70,7% contre 72%.<\/p>\n<p>Selon le r\u00e9gime, les \u00e9changes commerciaux sont d\u00e9ficitaires sous le r\u00e9gime g\u00e9n\u00e9ral de 13502,7 MD (-10851 MD durant la m\u00eame p\u00e9riode de l\u2019ann\u00e9e 2018).<\/p>\n<p>En revanche, ils sont exc\u00e9dentaires sous le r\u00e9gime offshore de 5396,7 MD (+4226,5 MD durant la m\u00eame p\u00e9riode de l\u2019ann\u00e9e 2018).<\/p>\n<p>Hors \u00e9nergie, le d\u00e9ficit de la balance commerciale se r\u00e9duit \u00e0 4973,4 MD. Le d\u00e9ficit de la balance \u00e9nerg\u00e9tique s\u2019\u00e9tablit \u00e0 3132,6 MD (38,6% du d\u00e9ficit total), contre 2054 MD durant la m\u00eame p\u00e9riode en 2018.<\/p>\n<p class=\"dpsp-share-text\">Partager c&rsquo;est aimer!<\/p>\n<div class=\"wp-post-author-wrap wp-post-author-shortcode left\">\n<h3 class=\"awpa-title\"\/>\n<div class=\"wp-post-author\">\n<div class=\"awpa-img awpa-author-block square\"><a href=\"http:\/\/lexpertjournal.net\/fr\/author\/expert\/\"><img loading=\"lazy\" decoding=\"async\" alt=\"\" src=\"http:\/\/2.gravatar.com\/avatar\/56d99be2a6f97af88ccb49fada637fcd?s=150&#038;d=mm&#038;r=g\" srcset=\"http:\/\/2.gravatar.com\/avatar\/56d99be2a6f97af88ccb49fada637fcd?s=300&#038;d=mm&#038;r=g 2x\" class=\"avatar avatar-150 photo\" height=\"150\" width=\"150\"\/><\/a><\/div>\n<\/div>\n<\/div>\n<p>Auteur: L&rsquo;expert<br \/>\n<a href=\"http:\/\/lexpertjournal.net\/fr\/2019\/06\/12\/deficit-commercial-de-8106-md-les-cinq-premiers-mois-de-2019-porteurs-de-mauvaises-nouvelles\/\">Cliquez ici pour lire l&rsquo;article depuis sa source.<\/a><\/p>\n","protected":false},"excerpt":{"rendered":"<p>Le d\u00e9ficit commercial s\u2019est \u00e9tabli \u00e0 8106 MD durant les cinq premiers mois de l\u2019ann\u00e9e 2019, contre 6624,5 MD durant la m\u00eame p\u00e9riode de 2018, selon la note sur le Commerce Ext\u00e9rieur aux prix Courants\/ Mai 2019, publi\u00e9e mardi par l\u2019Institut national de la Statistique (INS). Cette aggravation s\u2019explique par le d\u00e9ficit enregistr\u00e9 avec certains [&hellip;]<\/p>\n","protected":false},"author":1775,"featured_media":0,"comment_status":"closed","ping_status":"closed","sticky":false,"template":"","format":"standard","meta":{"fifu_image_url":"","fifu_image_alt":"","footnotes":""},"categories":[78,55],"tags":[],"class_list":["post-40128","post","type-post","status-publish","format-standard","hentry","category-economie","category-tunisie"],"_links":{"self":[{"href":"https:\/\/linitiative.ca\/International\/wp-json\/wp\/v2\/posts\/40128","targetHints":{"allow":["GET"]}}],"collection":[{"href":"https:\/\/linitiative.ca\/International\/wp-json\/wp\/v2\/posts"}],"about":[{"href":"https:\/\/linitiative.ca\/International\/wp-json\/wp\/v2\/types\/post"}],"author":[{"embeddable":true,"href":"https:\/\/linitiative.ca\/International\/wp-json\/wp\/v2\/users\/1775"}],"replies":[{"embeddable":true,"href":"https:\/\/linitiative.ca\/International\/wp-json\/wp\/v2\/comments?post=40128"}],"version-history":[{"count":0,"href":"https:\/\/linitiative.ca\/International\/wp-json\/wp\/v2\/posts\/40128\/revisions"}],"wp:attachment":[{"href":"https:\/\/linitiative.ca\/International\/wp-json\/wp\/v2\/media?parent=40128"}],"wp:term":[{"taxonomy":"category","embeddable":true,"href":"https:\/\/linitiative.ca\/International\/wp-json\/wp\/v2\/categories?post=40128"},{"taxonomy":"post_tag","embeddable":true,"href":"https:\/\/linitiative.ca\/International\/wp-json\/wp\/v2\/tags?post=40128"}],"curies":[{"name":"wp","href":"https:\/\/api.w.org\/{rel}","templated":true}]}}