{"id":40136,"date":"2019-06-12T06:00:00","date_gmt":"2019-06-12T10:00:00","guid":{"rendered":"https:\/\/linitiative.ca\/International\/tizi-ghennif-rend-hommage-a-mahfoud-boucebci\/"},"modified":"2019-06-12T06:00:00","modified_gmt":"2019-06-12T10:00:00","slug":"tizi-ghennif-rend-hommage-a-mahfoud-boucebci","status":"publish","type":"post","link":"https:\/\/linitiative.ca\/International\/tizi-ghennif-rend-hommage-a-mahfoud-boucebci\/","title":{"rendered":"Tizi Ghennif rend hommage \u00e0 Mahfoud Boucebci"},"content":{"rendered":"<div id=\"originalText\" readability=\"52\">\n<p class=\"c10\">Le comit\u00e9 du village de Tala\u00e2zizth (commune de M&rsquo;kira, da\u00efra de Tizi Ghennif, 50 km au sud de Tizi Ouzou), en collaboration avec l&rsquo;Organisation nationale pour la protection de l&rsquo;enfance et de la jeunesse et l&rsquo;APC de Tizi Ghennif rendra hommage, le 15 juin,\u00a0au regrett\u00e9 professeur\u00a0Mahfoud Boucebci, assassin\u00e9 le 15 juin 1993 par un groupe de terroristes devant l&rsquo;h\u00f4pital Drid-Hocine de Kouba.\u00a0<\/p>\n<p class=\"c10\">Au programme, la finale d\u2019un tournoi de football d\u00e9j\u00e0 lanc\u00e9 depuis quelques jours et une conf\u00e9rence-d\u00e9bat sur la vie et le parcours de cet \u00e9minent professeur en psychiatrie de renomm\u00e9e internationale, et ce, en pr\u00e9sence de sa famille et de nombreux invit\u00e9s.\u00a0Il est \u00e0 rappeler que Mahfoud Boucebci est n\u00e9 \u00e0 Miliana, et il \u00e9tait originaire de la commune de\u00a0M&rsquo;kira. Peu avant cet assassinat abject, il avait cr\u00e9\u00e9 avec des journalistes et des intellectuels un comit\u00e9 de v\u00e9rit\u00e9 sur la mort de\u00a0l&rsquo;\u00e9crivain et journaliste\u00a0Tahar Djaout, assassin\u00e9\u00a0par balle le 26 mai et d\u00e9c\u00e9d\u00e9 le 2 juin 1993.<\/p>\n<\/div>\n<div id=\"text_core\" readability=\"52\">\n<p class=\"c10\">Le comit\u00e9 du village de Tala\u00e2zizth (commune de M&rsquo;kira, da\u00efra de Tizi Ghennif, 50 km au sud de Tizi Ouzou), en collaboration avec l&rsquo;Organisation nationale pour la protection de l&rsquo;enfance et de la jeunesse et l&rsquo;APC de Tizi Ghennif rendra hommage, le 15 juin,\u00a0au regrett\u00e9 professeur\u00a0Mahfoud Boucebci, assassin\u00e9 le 15 juin 1993 par un groupe de terroristes devant l&rsquo;h\u00f4pital Drid-Hocine de Kouba.\u00a0<\/p>\n<p class=\"c10\">Au programme, la finale d\u2019un tournoi de football d\u00e9j\u00e0 lanc\u00e9 depuis quelques jours et une conf\u00e9rence-d\u00e9bat sur la vie et le parcours de cet \u00e9minent professeur en psychiatrie de renomm\u00e9e internationale, et ce, en pr\u00e9sence de sa famille et de nombreux invit\u00e9s.\u00a0Il est \u00e0 rappeler que Mahfoud Boucebci est n\u00e9 \u00e0 Miliana, et il \u00e9tait originaire de la commune de\u00a0M&rsquo;kira. Peu avant cet assassinat abject, il avait cr\u00e9\u00e9 avec des journalistes et des intellectuels un comit\u00e9 de v\u00e9rit\u00e9 sur la mort de\u00a0l&rsquo;\u00e9crivain et journaliste\u00a0Tahar Djaout, assassin\u00e9\u00a0par balle le 26 mai et d\u00e9c\u00e9d\u00e9 le 2 juin 1993.<\/p>\n<\/div>\n<p>Auteur:<br \/>\n<a href=\"https:\/\/www.liberte-algerie.com\/radar\/tizi-ghennif-rend-hommage-a-mahfoud-boucebci-317697\">Cliquez ici pour lire l&rsquo;article depuis sa source.<\/a><\/p>\n","protected":false},"excerpt":{"rendered":"<p>Le comit\u00e9 du village de Tala\u00e2zizth (commune de M&rsquo;kira, da\u00efra de Tizi Ghennif, 50 km au sud de Tizi Ouzou), en collaboration avec l&rsquo;Organisation nationale pour la protection de l&rsquo;enfance et de la jeunesse et l&rsquo;APC de Tizi Ghennif rendra hommage, le 15 juin,\u00a0au regrett\u00e9 professeur\u00a0Mahfoud Boucebci, assassin\u00e9 le 15 juin 1993 par un groupe [&hellip;]<\/p>\n","protected":false},"author":1742,"featured_media":0,"comment_status":"closed","ping_status":"closed","sticky":false,"template":"","format":"standard","meta":{"fifu_image_url":"","fifu_image_alt":"","footnotes":""},"categories":[73,53],"tags":[],"class_list":["post-40136","post","type-post","status-publish","format-standard","hentry","category-actualite","category-algerie"],"_links":{"self":[{"href":"https:\/\/linitiative.ca\/International\/wp-json\/wp\/v2\/posts\/40136","targetHints":{"allow":["GET"]}}],"collection":[{"href":"https:\/\/linitiative.ca\/International\/wp-json\/wp\/v2\/posts"}],"about":[{"href":"https:\/\/linitiative.ca\/International\/wp-json\/wp\/v2\/types\/post"}],"author":[{"embeddable":true,"href":"https:\/\/linitiative.ca\/International\/wp-json\/wp\/v2\/users\/1742"}],"replies":[{"embeddable":true,"href":"https:\/\/linitiative.ca\/International\/wp-json\/wp\/v2\/comments?post=40136"}],"version-history":[{"count":0,"href":"https:\/\/linitiative.ca\/International\/wp-json\/wp\/v2\/posts\/40136\/revisions"}],"wp:attachment":[{"href":"https:\/\/linitiative.ca\/International\/wp-json\/wp\/v2\/media?parent=40136"}],"wp:term":[{"taxonomy":"category","embeddable":true,"href":"https:\/\/linitiative.ca\/International\/wp-json\/wp\/v2\/categories?post=40136"},{"taxonomy":"post_tag","embeddable":true,"href":"https:\/\/linitiative.ca\/International\/wp-json\/wp\/v2\/tags?post=40136"}],"curies":[{"name":"wp","href":"https:\/\/api.w.org\/{rel}","templated":true}]}}