{"id":40147,"date":"2019-06-12T11:55:00","date_gmt":"2019-06-12T15:55:00","guid":{"rendered":"https:\/\/linitiative.ca\/International\/ouyahia-place-sous-mandat-depot\/"},"modified":"2019-06-12T11:55:00","modified_gmt":"2019-06-12T15:55:00","slug":"ouyahia-place-sous-mandat-depot","status":"publish","type":"post","link":"https:\/\/linitiative.ca\/International\/ouyahia-place-sous-mandat-depot\/","title":{"rendered":"Ouyahia plac\u00e9 sous mandat d\u00e9p\u00f4t"},"content":{"rendered":"<div id=\"originalText\" readability=\"41\">\n<p>L\u2019ex premier ministre, Ahmed Ouyahia, a \u00e9t\u00e9 plac\u00e9, mercredi, sous mandat d\u00e9p\u00f4t, suite \u00e0 son audition par un juge d\u2019instruction de la cour supr\u00eame, dans le cadre de l\u2019affaire du patron de l\u2019ETRHB, Ali Haddad.<\/p>\n<p><iframe loading=\"lazy\" allow=\"accelerometer; autoplay; encrypted-media; gyroscope; picture-in-picture\" allowfullscreen=\"\" frameborder=\"0\" height=\"315\" src=\"https:\/\/www.youtube.com\/embed\/FEnV4Y486hY\" width=\"560\">[embedded content]<\/iframe><\/p>\n<p class=\"c10\"><strong>R\u00e9daction Web<\/strong><\/p>\n<\/div>\n<div id=\"text_core\" readability=\"41\">\n<p>L\u2019ex premier ministre, Ahmed Ouyahia, a \u00e9t\u00e9 plac\u00e9, mercredi, sous mandat d\u00e9p\u00f4t, suite \u00e0 son audition par un juge d\u2019instruction de la cour supr\u00eame, dans le cadre de l\u2019affaire du patron de l\u2019ETRHB, Ali Haddad.<\/p>\n<p><iframe loading=\"lazy\" allow=\"accelerometer; autoplay; encrypted-media; gyroscope; picture-in-picture\" allowfullscreen=\"\" frameborder=\"0\" height=\"315\" src=\"https:\/\/www.youtube.com\/embed\/FEnV4Y486hY\" width=\"560\">[embedded content]<\/iframe><\/p>\n<p class=\"c10\"><strong>R\u00e9daction Web<\/strong><\/p>\n<\/div>\n<p>Auteur:<br \/>\n<a href=\"https:\/\/www.liberte-algerie.com\/actualite\/ouyahia-place-sous-mandat-depot-317714\">Cliquez ici pour lire l&rsquo;article depuis sa source.<\/a><\/p>\n","protected":false},"excerpt":{"rendered":"<p>L\u2019ex premier ministre, Ahmed Ouyahia, a \u00e9t\u00e9 plac\u00e9, mercredi, sous mandat d\u00e9p\u00f4t, suite \u00e0 son audition par un juge d\u2019instruction de la cour supr\u00eame, dans le cadre de l\u2019affaire du patron de l\u2019ETRHB, Ali Haddad. [embedded content] R\u00e9daction Web L\u2019ex premier ministre, Ahmed Ouyahia, a \u00e9t\u00e9 plac\u00e9, mercredi, sous mandat d\u00e9p\u00f4t, suite \u00e0 son audition [&hellip;]<\/p>\n","protected":false},"author":1742,"featured_media":0,"comment_status":"closed","ping_status":"closed","sticky":false,"template":"","format":"standard","meta":{"fifu_image_url":"","fifu_image_alt":"","footnotes":""},"categories":[73,53],"tags":[],"class_list":["post-40147","post","type-post","status-publish","format-standard","hentry","category-actualite","category-algerie"],"_links":{"self":[{"href":"https:\/\/linitiative.ca\/International\/wp-json\/wp\/v2\/posts\/40147","targetHints":{"allow":["GET"]}}],"collection":[{"href":"https:\/\/linitiative.ca\/International\/wp-json\/wp\/v2\/posts"}],"about":[{"href":"https:\/\/linitiative.ca\/International\/wp-json\/wp\/v2\/types\/post"}],"author":[{"embeddable":true,"href":"https:\/\/linitiative.ca\/International\/wp-json\/wp\/v2\/users\/1742"}],"replies":[{"embeddable":true,"href":"https:\/\/linitiative.ca\/International\/wp-json\/wp\/v2\/comments?post=40147"}],"version-history":[{"count":0,"href":"https:\/\/linitiative.ca\/International\/wp-json\/wp\/v2\/posts\/40147\/revisions"}],"wp:attachment":[{"href":"https:\/\/linitiative.ca\/International\/wp-json\/wp\/v2\/media?parent=40147"}],"wp:term":[{"taxonomy":"category","embeddable":true,"href":"https:\/\/linitiative.ca\/International\/wp-json\/wp\/v2\/categories?post=40147"},{"taxonomy":"post_tag","embeddable":true,"href":"https:\/\/linitiative.ca\/International\/wp-json\/wp\/v2\/tags?post=40147"}],"curies":[{"name":"wp","href":"https:\/\/api.w.org\/{rel}","templated":true}]}}