{"id":40150,"date":"2019-06-11T20:10:14","date_gmt":"2019-06-12T00:10:14","guid":{"rendered":"https:\/\/linitiative.ca\/International\/la-ceinture-bleue-une-reponse-a-la-durabilite-de-la-peche\/"},"modified":"2019-06-11T20:10:14","modified_gmt":"2019-06-12T00:10:14","slug":"la-ceinture-bleue-une-reponse-a-la-durabilite-de-la-peche","status":"publish","type":"post","link":"https:\/\/linitiative.ca\/International\/la-ceinture-bleue-une-reponse-a-la-durabilite-de-la-peche\/","title":{"rendered":"La Ceinture bleue, une r\u00e9ponse \u00e0 la durabilit\u00e9 de la p\u00eache"},"content":{"rendered":"<div readability=\"43\">\n<p>Marrakech \u2013 L\u2019initiative de la Ceinture Bleue, lanc\u00e9e par le Maroc avec l\u2019ensemble de ses partenaires, lors de la COP22, constitue une r\u00e9ponse concr\u00e8te par l\u2019action, aux enjeux et d\u00e9fis de la durabilit\u00e9 de la p\u00eache et de l\u2019aquaculture aussi bien en Afrique qu\u2019en M\u00e9diterran\u00e9e, a affirm\u00e9 mardi, \u00e0 Marrakech, la Secr\u00e9taire d\u2019Etat charg\u00e9e de la p\u00eache maritime, Mbarka Bouaida.<\/p>\n<\/div>\n<div readability=\"98\">\n<p>M.Bouaida qui intervenait \u00e0 un Side Event sous le th\u00e8me \u00ab\u00a0mise en \u0153uvre de l\u2019initiative Ceinture Bleue\u00a0\u00bb dans le cadre de la conf\u00e9rence de haut niveau de la Commission G\u00e9n\u00e9rale des P\u00eaches pour la M\u00e9diterran\u00e9e (CGPM) sur les initiatives MedFish4Ever, a tenu \u00e0 rappeler que lors du dialogue de haut niveau tenu en f\u00e9vrier 2019 en marge du salon Halieutis, qui a r\u00e9uni plus de 22 Etats, dont 17 africains, cette initiative a suscit\u00e9 une forte adh\u00e9sion politique et une ferme volont\u00e9 de renforcer la coop\u00e9ration multilat\u00e9rale dans le cadre de la plateforme collaborative que propose la Ceinture Bleue.<\/p>\n<p>Par ailleurs, Mme Bouaida a fait observer que tous les signaux alarmants sur l\u2019\u00e9tat de la M\u00e9diterran\u00e9e, ses \u00e9cosyst\u00e8mes, son \u00e9tat de pollution \u00ab\u00a0nous mettent sous la pression pour l\u2019\u00e9ch\u00e9ance de 2020\u00a0\u00bb car, a-t-elle dit, il y a urgence pour lutter contre le fl\u00e9au de la p\u00eache illicite, non d\u00e9clar\u00e9e et non r\u00e9glement\u00e9e (INN) et offrir des alternatives aux petits p\u00eacheurs qui font partie du patrimoine vivant de ses villes c\u00f4ti\u00e8res.<\/p>\n<p>Dans ce cadre, elle a relev\u00e9 que le Maroc n\u2019\u00e9pargnera aucun effort pour atteindre les objectifs fix\u00e9s par MedFish4Ever car le Royaume porte en son c\u0153ur l\u2019ambition de pr\u00e9server ses ressources halieutiques pour les g\u00e9n\u00e9rations futures, relevant qu\u2019une des actions pour traduire cette ambition est l\u2019initiative ceinture bleue prise lors de la COP22.<\/p>\n<p>\u00ab\u00a0Nous sommes fiers d\u2019\u00eatre impliqu\u00e9s avec le Maroc dans deux de ses initiatives : la Ceinture Bleue et la strat\u00e9gie du d\u00e9veloppement du secteur de la p\u00eache\u00a0\u00bb, a soulign\u00e9 pour sa part, le directeur g\u00e9n\u00e9ral adjoint, d\u00e9partement des p\u00eaches et de l\u2019aquaculture au sein de la FAO, Arni M. Mathiesen.<\/p>\n<p>Et de proposer des recommandations dans le cadre de la mise en \u0153uvre de l\u2019initiative de la Ceinture Bleue au niveau r\u00e9gional dans la perspective de son extension ailleurs.<\/p>\n<p>Organis\u00e9e par la CGPM, cette conf\u00e9rence de haut niveau, qui se d\u00e9roule les 11 et 12 juin \u00e0 Marrakech, r\u00e9unit les signataires de la D\u00e9claration MedFish4Ever afin de faire le point sur les progr\u00e8s r\u00e9alis\u00e9s, de renouveler les engagements pris et de faire avancer le dialogue en vue de garantir la durabilit\u00e9 des p\u00eaches en M\u00e9diterran\u00e9e sur le long terme.<\/p>\n<p>La conf\u00e9rence mettra particuli\u00e8rement l\u2019accent sur l\u2019am\u00e9lioration des conditions de travail dans le milieu de la p\u00eache ainsi que sur la lutte contre la p\u00eache INN.<\/p>\n<p>La D\u00e9claration MedFish4Ever vise \u00e0 garantir la durabilit\u00e9 environnementale, \u00e9conomique et sociale des p\u00eaches en M\u00e9diterran\u00e9e sur le long terme.<\/p>\n<p>Il s\u2019agit d\u2019un engagement commun pris par les \u00c9tats de la r\u00e9gion afin de franchir une \u00e9tape d\u00e9cisive au cours des dix prochaines ann\u00e9es en vue d\u2019am\u00e9liorer la gestion et la gouvernance des p\u00eaches.<\/p>\n<p>L\u2019initiative Ceinture bleue vise de son c\u00f4t\u00e9, \u00e0 appuyer l\u2019\u00e9mergence des syst\u00e8mes int\u00e9gr\u00e9s d\u2019observation c\u00f4ti\u00e8re et favoriser leur int\u00e9gration au niveau mondial, encourager les actions pour la p\u00eache durable sur l\u2019ensemble de la cha\u00eene de valeur, afin de lutter contre l\u2019augmentation de la temp\u00e9rature des oc\u00e9ans, favoriser le d\u00e9veloppement d\u2019une aquaculture durable et en particulier de l\u2019algoculture.<\/p>\n<\/div>\n<p>Auteur: Meriem IGASS<br \/>\n<a href=\"http:\/\/www.mapmarrakech.ma\/fr\/la-ceinture-bleue-une-reponse-concrete-a-la-durabilite-de-la-peche\/\">Cliquez ici pour lire l&rsquo;article depuis sa source.<\/a><\/p>\n","protected":false},"excerpt":{"rendered":"<p>Marrakech \u2013 L\u2019initiative de la Ceinture Bleue, lanc\u00e9e par le Maroc avec l\u2019ensemble de ses partenaires, lors de la COP22, constitue une r\u00e9ponse concr\u00e8te par l\u2019action, aux enjeux et d\u00e9fis de la durabilit\u00e9 de la p\u00eache et de l\u2019aquaculture aussi bien en Afrique qu\u2019en M\u00e9diterran\u00e9e, a affirm\u00e9 mardi, \u00e0 Marrakech, la Secr\u00e9taire d\u2019Etat charg\u00e9e de [&hellip;]<\/p>\n","protected":false},"author":1788,"featured_media":0,"comment_status":"closed","ping_status":"closed","sticky":false,"template":"","format":"standard","meta":{"fifu_image_url":"","fifu_image_alt":"","footnotes":""},"categories":[54,76],"tags":[],"class_list":["post-40150","post","type-post","status-publish","format-standard","hentry","category-maroc","category-regions"],"_links":{"self":[{"href":"https:\/\/linitiative.ca\/International\/wp-json\/wp\/v2\/posts\/40150","targetHints":{"allow":["GET"]}}],"collection":[{"href":"https:\/\/linitiative.ca\/International\/wp-json\/wp\/v2\/posts"}],"about":[{"href":"https:\/\/linitiative.ca\/International\/wp-json\/wp\/v2\/types\/post"}],"author":[{"embeddable":true,"href":"https:\/\/linitiative.ca\/International\/wp-json\/wp\/v2\/users\/1788"}],"replies":[{"embeddable":true,"href":"https:\/\/linitiative.ca\/International\/wp-json\/wp\/v2\/comments?post=40150"}],"version-history":[{"count":0,"href":"https:\/\/linitiative.ca\/International\/wp-json\/wp\/v2\/posts\/40150\/revisions"}],"wp:attachment":[{"href":"https:\/\/linitiative.ca\/International\/wp-json\/wp\/v2\/media?parent=40150"}],"wp:term":[{"taxonomy":"category","embeddable":true,"href":"https:\/\/linitiative.ca\/International\/wp-json\/wp\/v2\/categories?post=40150"},{"taxonomy":"post_tag","embeddable":true,"href":"https:\/\/linitiative.ca\/International\/wp-json\/wp\/v2\/tags?post=40150"}],"curies":[{"name":"wp","href":"https:\/\/api.w.org\/{rel}","templated":true}]}}