{"id":40151,"date":"2019-06-12T05:14:09","date_gmt":"2019-06-12T09:14:09","guid":{"rendered":"https:\/\/linitiative.ca\/International\/reception-en-celebration-de-la-journee-de-la-peche-indnr\/"},"modified":"2019-06-12T05:14:09","modified_gmt":"2019-06-12T09:14:09","slug":"reception-en-celebration-de-la-journee-de-la-peche-indnr","status":"publish","type":"post","link":"https:\/\/linitiative.ca\/International\/reception-en-celebration-de-la-journee-de-la-peche-indnr\/","title":{"rendered":"R\u00e9ception en c\u00e9l\u00e9bration de la Journ\u00e9e de la p\u00eache INDNR"},"content":{"rendered":"<div readability=\"38\">\n<p>Marrakech \u2013 Une r\u00e9ception officielle a \u00e9t\u00e9 organis\u00e9e mardi, \u00e0 Marrakech, en c\u00e9l\u00e9bration de la Journ\u00e9e internationale de la lutte contre la p\u00eache illicite, non d\u00e9clar\u00e9e et non r\u00e9glement\u00e9e (INDNR) en marge de la conf\u00e9rence de haut niveau de la Commission G\u00e9n\u00e9rale des P\u00eaches pour la M\u00e9diterran\u00e9e (CGPM) sur les initiatives MedFish4Ever (Marrakech 11 et 12 juin).<\/p>\n<\/div>\n<div readability=\"138\">\n<p>Lors de cette c\u00e9r\u00e9monie, les ministres et les hauts responsables charg\u00e9s du secteur de la p\u00eache issus de pays m\u00e9diterran\u00e9ens, des responsables de la Commission europ\u00e9enne et des repr\u00e9sentants d\u2019ONG \u0153uvrant dans le domaine de la protection de l\u2019environnement, ont \u00e9t\u00e9 unanimes \u00e0 relever que la p\u00eache INDNR repr\u00e9sente une v\u00e9ritable menace pour les \u00e9cosyst\u00e8mes et les stocks halieutiques de la M\u00e9diterran\u00e9e.<\/p>\n<p>Par la m\u00eame occasion, ils ont tenu \u00e0 exprimer leur engagement pour \u00e9radiquer la p\u00eache INDNR en M\u00e9diterran\u00e9e car cette forme de p\u00eache provoque de graves d\u00e9g\u00e2ts environnementaux dans les principaux \u00e9cosyst\u00e8mes marins, fausse la concurrence ouverte et \u00e9quitable, et engendre des r\u00e9percussions socio-\u00e9conomiques n\u00e9fastes pour les communaut\u00e9s c\u00f4ti\u00e8res.<\/p>\n<p>Intervenant \u00e0 cette occasion, le ministre de l\u2019Agriculture, de la p\u00eache maritime, du d\u00e9veloppement rural et des eaux et for\u00eats, Aziz Akhannouch, a mis en relief l\u2019implication de la CGMP ainsi que la FAO pour la p\u00eache en M\u00e9diterran\u00e9e ainsi que pour une p\u00eache plus structur\u00e9e.<\/p>\n<p>Il a rendu \u00e0 cette occasion, hommage \u00e0 la population des p\u00eacheurs qui ont su s\u2019adapter et travailler avec les contraintes de la r\u00e9glementation car, a-t-il dit, les p\u00eacheurs ont pu comprendre que cette activit\u00e9 repr\u00e9sente l\u2019avenir de leurs familles et ont pris conscience aussi de la n\u00e9cessit\u00e9 de pr\u00e9server cette richesse halieutique pour les g\u00e9n\u00e9rations futures.<\/p>\n<p>M.Akhannouch a aussi rendu hommage \u00e0 l\u2019engagement du commissaire \u00e0 l\u2019environnement, aux affaires maritimes et \u00e0 la p\u00eache au sein de la Commission europ\u00e9enne, Karmenu Vella, qui a \u00e9norm\u00e9ment \u00ab\u00a0travaill\u00e9 afin que la M\u00e9diterran\u00e9e parle d\u2019une seule voix\u00a0\u00bb.<\/p>\n<p>M.Vella a soulign\u00e9 pour sa part, que le combat contre la p\u00eache (INDNR) n\u2019a pas encore \u00e9t\u00e9 gagn\u00e9, estimant que la p\u00eache INDNR, dont les prises sont estim\u00e9es annuellement \u00e0 10 milliards d\u2019euros, est synonyme de pillages des stocks halieutiques.<\/p>\n<p>Dans ce cadre, il a appel\u00e9 \u00e0 l\u2019application ferme des lois car aucune zone de la M\u00e9diterran\u00e9e et de la Mer noire ne serait exempt\u00e9e de surveillance, seul m\u00e9canisme de nature \u00e0 d\u00e9courager les pilleurs de richesses halieutiques, appelant \u00e0 renforcer la coop\u00e9ration r\u00e9gionale et la formation pour lutter contre la p\u00eache INDNR.<\/p>\n<p>Le ministre espagnol de l\u2019Agriculture, de la p\u00eache et de l\u2019alimentation, Luis Planas Puchades, a not\u00e9 pour sa part, que la p\u00eache INDNR repr\u00e9sente une menace aux activit\u00e9s de la p\u00eache et aux \u00e9cosyst\u00e8mes sensibles dans la M\u00e9diterran\u00e9e, soulignant que la lutte contre la p\u00eache INDNR constitue une priorit\u00e9 pour l\u2019Espagne.<\/p>\n<p>M.Planas Puchades a appel\u00e9 \u00e0 une coordination des efforts pour d\u00e9velopper une p\u00eache durable et soutenable.<\/p>\n<p>Le ministre adjoint de l\u2019agriculture et des for\u00eats en Turquie, Mehmet Hadi Tunc, a relev\u00e9 de son c\u00f4t\u00e9, que la p\u00eache INDNR menace les efforts d\u00e9ploy\u00e9s pour pr\u00e9server les stocks halieutiques, mettant l\u2019accent sur la n\u00e9cessit\u00e9 de mettre en place une approche consensuelle aux niveaux national, r\u00e9gional et international et de renforcer les infrastructures d\u2019inspection pour d\u00e9courager la p\u00eache ill\u00e9gale.<\/p>\n<p>Le directeur de WWF M\u00e9diterran\u00e9e, Paolo Lombardi, a fait savoir que la p\u00eache INDNR repr\u00e9sente 15 % des prises \u00e0 l\u2019\u00e9chelle mondiale, relevant que les pays doivent appliquer des mesures plus rigoureuses pour venir \u00e0 bout de ce fl\u00e9au.<\/p>\n<p>Lors de cette r\u00e9ception, les bonnes pratiques dans la lutte contre la p\u00eache INDNR en M\u00e9diterran\u00e9e ont \u00e9t\u00e9 r\u00e9compens\u00e9es selon trois cat\u00e9gories : Technologies de suivi visant \u00e0 contrecarrer les activit\u00e9s de p\u00eache INDNR, Recherche scientifique en mati\u00e8re de lutte contre la p\u00eache INDNR et Sensibilisation et diffusion concernant la p\u00eache INDNR.<\/p>\n<p>Dans la premi\u00e8re cat\u00e9gorie, le Royaume du Maroc a \u00e9t\u00e9 r\u00e9compens\u00e9 pour l\u2019installation d\u2019un syst\u00e8me d\u2019identification des barques nationales de la p\u00eache artisanale par radiofr\u00e9quence (RFID), aux c\u00f4t\u00e9s du minist\u00e8re de l\u2019Agriculture de la Croatie pour l\u2019utilisation de la technologie num\u00e9rique dans le secteur de la p\u00eache et de European Fisheries Control Agency (EFCA) \/ Agence europ\u00e9enne de contr\u00f4le des p\u00eaches (AECP).<\/p>\n<p>Dans la deuxi\u00e8me cat\u00e9gorie, ont \u00e9t\u00e9 r\u00e9compens\u00e9s Interreg Med Project FishMPABlue2 ainsi que le National Institute of Oceanography and Fisheries (NIOF-Egypte).<\/p>\n<p>Dans la troisi\u00e8me cat\u00e9gorie, ont \u00e9t\u00e9 prim\u00e9s l\u2019organisation non gouvernementale am\u00e9ricaine ayant pour but la protection des oc\u00e9ans \u00ab\u00a0OCEANA\u00a0\u00bb ainsi que le Club Bleu Artisanal (Tunisie).<\/p>\n<\/div>\n<p>Auteur: Meriem IGASS<br \/>\n<a href=\"http:\/\/www.mapmarrakech.ma\/fr\/reception-en-celebration-de-la-journee-de-la-peche-indnr\/\">Cliquez ici pour lire l&rsquo;article depuis sa source.<\/a><\/p>\n","protected":false},"excerpt":{"rendered":"<p>Marrakech \u2013 Une r\u00e9ception officielle a \u00e9t\u00e9 organis\u00e9e mardi, \u00e0 Marrakech, en c\u00e9l\u00e9bration de la Journ\u00e9e internationale de la lutte contre la p\u00eache illicite, non d\u00e9clar\u00e9e et non r\u00e9glement\u00e9e (INDNR) en marge de la conf\u00e9rence de haut niveau de la Commission G\u00e9n\u00e9rale des P\u00eaches pour la M\u00e9diterran\u00e9e (CGPM) sur les initiatives MedFish4Ever (Marrakech 11 et [&hellip;]<\/p>\n","protected":false},"author":1788,"featured_media":0,"comment_status":"closed","ping_status":"closed","sticky":false,"template":"","format":"standard","meta":{"fifu_image_url":"","fifu_image_alt":"","footnotes":""},"categories":[54,76],"tags":[],"class_list":["post-40151","post","type-post","status-publish","format-standard","hentry","category-maroc","category-regions"],"_links":{"self":[{"href":"https:\/\/linitiative.ca\/International\/wp-json\/wp\/v2\/posts\/40151","targetHints":{"allow":["GET"]}}],"collection":[{"href":"https:\/\/linitiative.ca\/International\/wp-json\/wp\/v2\/posts"}],"about":[{"href":"https:\/\/linitiative.ca\/International\/wp-json\/wp\/v2\/types\/post"}],"author":[{"embeddable":true,"href":"https:\/\/linitiative.ca\/International\/wp-json\/wp\/v2\/users\/1788"}],"replies":[{"embeddable":true,"href":"https:\/\/linitiative.ca\/International\/wp-json\/wp\/v2\/comments?post=40151"}],"version-history":[{"count":0,"href":"https:\/\/linitiative.ca\/International\/wp-json\/wp\/v2\/posts\/40151\/revisions"}],"wp:attachment":[{"href":"https:\/\/linitiative.ca\/International\/wp-json\/wp\/v2\/media?parent=40151"}],"wp:term":[{"taxonomy":"category","embeddable":true,"href":"https:\/\/linitiative.ca\/International\/wp-json\/wp\/v2\/categories?post=40151"},{"taxonomy":"post_tag","embeddable":true,"href":"https:\/\/linitiative.ca\/International\/wp-json\/wp\/v2\/tags?post=40151"}],"curies":[{"name":"wp","href":"https:\/\/api.w.org\/{rel}","templated":true}]}}