{"id":40152,"date":"2019-06-12T11:04:41","date_gmt":"2019-06-12T15:04:41","guid":{"rendered":"https:\/\/linitiative.ca\/International\/peche-indnr-le-maroc-prime-pour-ses-bonnes-pratiques\/"},"modified":"2019-06-12T11:04:41","modified_gmt":"2019-06-12T15:04:41","slug":"peche-indnr-le-maroc-prime-pour-ses-bonnes-pratiques","status":"publish","type":"post","link":"https:\/\/linitiative.ca\/International\/peche-indnr-le-maroc-prime-pour-ses-bonnes-pratiques\/","title":{"rendered":"P\u00eache INDNR: Le Maroc prim\u00e9 pour ses bonnes pratiques"},"content":{"rendered":"<div class=\"single-featured\"><img alt=\"\" data-src=\"http:\/\/www.mapmarrakech.ma\/map\/uploads\/2019\/06\/marocprim\u00e9medfisher-copier.jpg\"\/><\/div>\n<div class=\"single-post-excerpt post-excerpt-bc\" readability=\"36\">\n<p>Marrakech \u2013 Le Maroc a \u00e9t\u00e9 prim\u00e9 mardi, \u00e0 Marrakech, pour ses bonnes pratiques visant \u00e0 contrecarrer les activit\u00e9s de la p\u00eache illicite, non d\u00e9clar\u00e9e et non r\u00e9glement\u00e9e (INDNR).<\/p>\n<\/div>\n<div class=\"entry-content clearfix single-post-content\" readability=\"64\">\n<p>Cette r\u00e9compense a \u00e9t\u00e9 attribu\u00e9e lors d\u2019une c\u00e9r\u00e9monie organis\u00e9e en c\u00e9l\u00e9bration de la Journ\u00e9e internationale de la lutte contre la p\u00eache INDNR en pr\u00e9sence du ministre de l\u2019Agriculture, de la p\u00eache maritime, du d\u00e9veloppement rural et des eaux et for\u00eats, Aziz Akhannouch, de ministres et de hauts responsables charg\u00e9s du secteur de la p\u00eache issus de pays m\u00e9diterran\u00e9ens, du commissaire \u00e0 l\u2019environnement, aux affaires maritimes et \u00e0 la p\u00eache de la Commission europ\u00e9enne, Karmenu Vella et des repr\u00e9sentants d\u2019ONG \u0153uvrant dans le domaine de la protection de l\u2019environnement.<\/p>\n<p>Le Maroc a \u00e9t\u00e9 r\u00e9compens\u00e9 dans la cat\u00e9gorie \u00ab\u00a0Technologies de suivi visant \u00e0 contrecarrer les activit\u00e9s de p\u00eache INDNR\u00a0\u00bb, pour l\u2019installation d\u2019un syst\u00e8me d\u2019identification des barques nationales de la p\u00eache artisanale par radiofr\u00e9quence (RFID).<\/p>\n<p>Le prix a \u00e9t\u00e9 remis par M. Vella \u00e0 la Secr\u00e9taire g\u00e9n\u00e9rale du d\u00e9partement de la p\u00eache maritime, Mme Zakia Driouich.<\/p>\n<p>Dans la premi\u00e8re cat\u00e9gorie, le Maroc a \u00e9t\u00e9 prim\u00e9 aux c\u00f4t\u00e9s du minist\u00e8re de l\u2019agriculture de la Croatie pour l\u2019utilisation de la technologie num\u00e9rique dans le secteur de la p\u00eache ainsi que l\u2019European Fisheries Control Agency (EFCA) \/ Agence europ\u00e9enne de contr\u00f4le des p\u00eaches (AECP).<\/p>\n<p>Dans la deuxi\u00e8me cat\u00e9gorie \u00ab\u00a0Recherche scientifique en mati\u00e8re de lutte contre la p\u00eache INDNR\u00a0\u00bb, ont \u00e9t\u00e9 r\u00e9compens\u00e9s Interreg Med Project FishMPABlue2 ainsi que le National Institute of Oceanography and Fisheries (NIOF-Egypte).<br \/>Dans la troisi\u00e8me cat\u00e9gorie \u00ab\u00a0Sensibilisation et diffusion concernant la p\u00eache INDNR\u00a0\u00bb, ont \u00e9t\u00e9 prim\u00e9s l\u2019organisation non gouvernementale am\u00e9ricaine ayant pour but la protection des oc\u00e9ans \u00ab\u00a0OCEANA\u00a0\u00bb ainsi que le Club Bleu Artisanal (Tunisie).<\/p>\n<\/div>\n<p>Auteur: Meriem IGASS<br \/>\n<a href=\"http:\/\/www.mapmarrakech.ma\/fr\/le-maroc-prime-pour-ses-bonnes-pratiques-contre-la-peche-indnr\/\">Cliquez ici pour lire l&rsquo;article depuis sa source.<\/a><\/p>\n","protected":false},"excerpt":{"rendered":"<p>Marrakech \u2013 Le Maroc a \u00e9t\u00e9 prim\u00e9 mardi, \u00e0 Marrakech, pour ses bonnes pratiques visant \u00e0 contrecarrer les activit\u00e9s de la p\u00eache illicite, non d\u00e9clar\u00e9e et non r\u00e9glement\u00e9e (INDNR). Cette r\u00e9compense a \u00e9t\u00e9 attribu\u00e9e lors d\u2019une c\u00e9r\u00e9monie organis\u00e9e en c\u00e9l\u00e9bration de la Journ\u00e9e internationale de la lutte contre la p\u00eache INDNR en pr\u00e9sence du ministre [&hellip;]<\/p>\n","protected":false},"author":1788,"featured_media":40153,"comment_status":"closed","ping_status":"closed","sticky":false,"template":"","format":"standard","meta":{"fifu_image_url":"","fifu_image_alt":"","footnotes":""},"categories":[54,76],"tags":[],"class_list":["post-40152","post","type-post","status-publish","format-standard","has-post-thumbnail","hentry","category-maroc","category-regions"],"_links":{"self":[{"href":"https:\/\/linitiative.ca\/International\/wp-json\/wp\/v2\/posts\/40152","targetHints":{"allow":["GET"]}}],"collection":[{"href":"https:\/\/linitiative.ca\/International\/wp-json\/wp\/v2\/posts"}],"about":[{"href":"https:\/\/linitiative.ca\/International\/wp-json\/wp\/v2\/types\/post"}],"author":[{"embeddable":true,"href":"https:\/\/linitiative.ca\/International\/wp-json\/wp\/v2\/users\/1788"}],"replies":[{"embeddable":true,"href":"https:\/\/linitiative.ca\/International\/wp-json\/wp\/v2\/comments?post=40152"}],"version-history":[{"count":0,"href":"https:\/\/linitiative.ca\/International\/wp-json\/wp\/v2\/posts\/40152\/revisions"}],"wp:featuredmedia":[{"embeddable":true,"href":"https:\/\/linitiative.ca\/International\/wp-json\/"}],"wp:attachment":[{"href":"https:\/\/linitiative.ca\/International\/wp-json\/wp\/v2\/media?parent=40152"}],"wp:term":[{"taxonomy":"category","embeddable":true,"href":"https:\/\/linitiative.ca\/International\/wp-json\/wp\/v2\/categories?post=40152"},{"taxonomy":"post_tag","embeddable":true,"href":"https:\/\/linitiative.ca\/International\/wp-json\/wp\/v2\/tags?post=40152"}],"curies":[{"name":"wp","href":"https:\/\/api.w.org\/{rel}","templated":true}]}}