{"id":40155,"date":"2019-06-12T11:51:49","date_gmt":"2019-06-12T15:51:49","guid":{"rendered":"https:\/\/linitiative.ca\/International\/m-akhannouch-pour-la-durabilite-des-peches-en-mediterranee\/"},"modified":"2019-06-12T11:51:49","modified_gmt":"2019-06-12T15:51:49","slug":"m-akhannouch-pour-la-durabilite-des-peches-en-mediterranee","status":"publish","type":"post","link":"https:\/\/linitiative.ca\/International\/m-akhannouch-pour-la-durabilite-des-peches-en-mediterranee\/","title":{"rendered":"M. Akhannouch pour la durabilit\u00e9 des p\u00eaches en M\u00e9diterran\u00e9e"},"content":{"rendered":"<div readability=\"41\">\n<p>Marrakech \u2013 Le ministre de l\u2019Agriculture, de la P\u00eache maritime, des Eaux et For\u00eats et du D\u00e9veloppement durable, Aziz Akhannouch a soulign\u00e9, mercredi \u00e0 Marrakech, la n\u00e9cessit\u00e9 de promouvoir la conservation des ressources halieutiques pour assurer un d\u00e9veloppement durable des \u00e9conomies de la r\u00e9gion de la M\u00e9diterran\u00e9e, tout en contribuant au d\u00e9veloppement des communaut\u00e9s c\u00f4ti\u00e8res qui doivent jouer un r\u00f4le accru dans l\u2019effort de collecte de donn\u00e9es et de recherche collective.<\/p>\n<\/div>\n<div readability=\"178\">\n<p>Dans une allocution \u00e0 l\u2019ouverture de la Conf\u00e9rence de haut niveau de la Commission G\u00e9n\u00e9rale des P\u00eaches pour la M\u00e9diterran\u00e9e (CGPM) sur les initiatives \u00ab\u00a0MedFish4Ever\u00a0\u00bb, M. Akhannouch a fait constater qu\u2019en M\u00e9diterran\u00e9e, les stocks halieutiques s\u2019amenuisent et les r\u00e9percussions socio-\u00e9conomiques sur les marins p\u00eacheurs qui sont issues de cette situation sont \u00ab\u00a0une source de pr\u00e9occupation\u00a0\u00bb des pouvoirs publics.<\/p>\n<p>Apr\u00e8s avoir not\u00e9 que le souci d\u2019am\u00e9lioration de la durabilit\u00e9 des p\u00eacheries est partag\u00e9 par tous (Gouvernements, FAO, CGPM, op\u00e9rateurs, ONG, industriels et soci\u00e9t\u00e9 civile), le ministre a expliqu\u00e9 qu\u2019en plus de la pollution et des effets du changement climatique, l\u2019exploitation massive des ressources halieutiques est \u00e9galement une des sources de cette d\u00e9gradation, notamment quand elle est pratiqu\u00e9e de mani\u00e8re ill\u00e9gale, non d\u00e9clar\u00e9e et non r\u00e9glement\u00e9e.<\/p>\n<p>C\u2019est dans ce sens, a-t-il indiqu\u00e9, que le Maroc a opt\u00e9 pour la responsabilit\u00e9 et le devoir en forgeant une strat\u00e9gie forte et int\u00e9gr\u00e9e pour la bonne gouvernance de ses richesses halieutiques \u00ab\u00a0la Strat\u00e9gie Halieutis\u00a0\u00bb qui, apr\u00e8s 10 ans de sa mise en \u0153uvre, a enregistr\u00e9 des avanc\u00e9es significatives et les perspectives d\u2019avenir laissent envisager un grand d\u00e9veloppement de ce secteur.<\/p>\n<p>De m\u00eame, le Royaume, aux c\u00f4t\u00e9s de nombreux partenaires tels la FAO, a soumis l\u2019initiative climatique pour une \u00ab\u00a0Ceinture Bleue\u00a0\u00bb a-t-il rappel\u00e9, ajoutant que cette initiative, bas\u00e9e sur les mod\u00e8les de l\u2019\u00e9conomie circulaire et de l\u2019\u00e9conomie bleue, vise \u00e0 renforcer la r\u00e9silience des \u00e9cosyst\u00e8mes, des ressources marines vivantes et des communaut\u00e9s c\u00f4ti\u00e8res et \u00e0 faire de la p\u00eache et de l\u2019aquaculture un facteur majeur de croissance \u00e9conomique bleue et de d\u00e9veloppement inclusif et r\u00e9silient, conforme \u00e0 l\u2019Objectif de D\u00e9veloppement Durable 14 (ODD14).<\/p>\n<p>Dans ce sillage, M. Akhannouch a indiqu\u00e9 que le Maroc se r\u00e9jouit d\u2019avoir plac\u00e9 le d\u00e9veloppement durable au c\u0153ur des priorit\u00e9s de son action publique, notant que depuis le sommet de la Terre \u00e0 Rio tenu en 1992, le Royaume fut parmi les premiers \u00e0 adh\u00e9rer \u00e0 cette prise de conscience en ratifiant les conventions internationales consacr\u00e9es \u00e0 cette probl\u00e9matique et en adoptant des programmes d\u2019action nationaux en la mati\u00e8re, visant \u00e0 allier croissance \u00e9conomique p\u00e9renne, d\u00e9veloppement durable et solidarit\u00e9 sociale.<\/p>\n<p>D\u00e9j\u00e0 en 2005, l\u2019Initiative Nationale pour le D\u00e9veloppement Humain (INDH), a \u00e9t\u00e9 l\u2019expression forte de la volont\u00e9 Royale de faire du d\u00e9veloppement humain \u00e0 la fois une finalit\u00e9 et un facteur dynamisant du nouveau profil de la croissance, a-t-il relev\u00e9, ajoutant que dans la continuit\u00e9 de cette vision, la Strat\u00e9gie Nationale de D\u00e9veloppement Durable, mise en place en 2017, a consacr\u00e9 tout un enjeu \u00e0 la promotion du d\u00e9veloppement humain et \u00e0 la r\u00e9duction des in\u00e9galit\u00e9s sociales et territoriales, en plus des enjeux li\u00e9s \u00e0 la durabilit\u00e9 des ressources nationales et des \u00e9cosyst\u00e8mes.<\/p>\n<p>Dans le m\u00eame sens, le Maroc est bien engag\u00e9 dans le processus de mise en \u0153uvre des ODD notamment ceux li\u00e9s \u00e0 l\u2019\u00e9radication de la pauvret\u00e9, l\u2019\u00e9limination de la faim, l\u2019\u00e9ducation \u00e9quitable, l\u2019\u00e9galit\u00e9 des sexes, la garantie d\u2019acc\u00e8s aux services d\u2019alimentation en eau, et bien s\u00fbr, l\u2019objectif 14 visant \u00e0 conserver et \u00e0 exploiter de mani\u00e8re durable les oc\u00e9ans, les mers et les ressources marines aux fins de d\u00e9veloppement durable, a not\u00e9 le ministre.<\/p>\n<p>M. Akhannouch s\u2019est, dans ce sillage, f\u00e9licit\u00e9 de l\u2019engagement et des efforts de la Commission Europ\u00e9enne, de la FAO et de la CGPM en faveur du d\u00e9veloppement durable de la p\u00eache, en particulier, son segment artisanal dans une perspective de contribution \u00e0 la s\u00e9curit\u00e9 alimentaire et \u00e0 la lutte contre la pauvret\u00e9 en M\u00e9diterran\u00e9e.<\/p>\n<p>Il s\u2019est dit ainsi persuad\u00e9 que cette importante Conf\u00e9rence constituera l\u2019occasion de continuer la r\u00e9flexion approfondie sur les moyens \u00e0 mettre en \u0153uvre pour d\u00e9velopper et instaurer une gouvernance am\u00e9lior\u00e9e renfor\u00e7ant la durabilit\u00e9 de la p\u00eache en M\u00e9diterran\u00e9e tenant compte de la dimension environnementale, \u00e9conomique et sociale, et la d\u00e9finition de strat\u00e9gies communes et d\u2019actions de coop\u00e9ration \u00e0 l\u2019appui du d\u00e9veloppement de la p\u00eache artisanale.<\/p>\n<p>\u00ab\u00a0Pour y parvenir, nous pensons qu\u2019il est important de consid\u00e9rer des solutions adapt\u00e9es \u00e0 chacun des pays concern\u00e9s, prenant en compte leurs sp\u00e9cificit\u00e9s et contraintes, et de d\u00e9finir des m\u00e9canismes techniques et financiers de mise en \u0153uvre\u00a0\u00bb, a-t-il soutenu.<\/p>\n<p>Et de poursuivre que cette rencontre \u00ab\u00a0s\u2019inscrit dans le contexte de la transition actuelle qui engage nos soci\u00e9t\u00e9s autour des enjeux de l\u2019environnement, de la s\u00e9curit\u00e9 alimentaire, de la lutte contre la pauvret\u00e9 et du d\u00e9veloppement social, en prenant en consid\u00e9ration les effets av\u00e9r\u00e9s du changement climatique\u00a0\u00bb, expliquant qu\u2019en portant toute l\u2019attention requise au d\u00e9veloppement \u00e9conomique et social au sous-secteur de la p\u00eache artisanale, \u00ab\u00a0notre ambition serait d\u2019assurer l\u2019autonomisation des communaut\u00e9s des p\u00eacheurs artisanaux et de faire en sorte que celles-ci puissent jouir de leurs droits fondamentaux\u00a0\u00bb.<\/p>\n<p>Enfin, M. Akhannouch n\u2019a pas manqu\u00e9 d\u2019exprimer son souhait de voir les d\u00e9cisions prises au cours de cette rencontre \u00ab\u00a0s\u2019inscrire en continuit\u00e9 de notre engagement lors de la Conf\u00e9rence de haut niveau \u00e0 Malte en mars 2017 pour la D\u00e9claration MedFish4Ever\u00a0\u00bb.<\/p>\n<p>Cette Conf\u00e9rence de haut niveau r\u00e9unit les signataires de la D\u00e9claration \u00ab\u00a0MedFish4Ever\u00a0\u00bb afin de faire le point sur les progr\u00e8s r\u00e9alis\u00e9s, de renouveler les engagements pris et de faire avancer le dialogue en vue de garantir la durabilit\u00e9 environnementale, \u00e9conomique et sociale des p\u00eaches en M\u00e9diterran\u00e9e sur le long terme.<\/p>\n<p>Ce conclave intervient en vue de renouveler les engagements pris au titre de la D\u00e9claration \u00ab\u00a0MedFish4Ever\u00a0\u00bb, sign\u00e9e en 2017 par 16 pays riverains de la M\u00e9diterran\u00e9e \u00e0 savoir l\u2019Albanie, l\u2019Alg\u00e9rie, la Bosnie-Herz\u00e9govine, Chypre, la Croatie, l\u2019Espagne, la France, la Gr\u00e8ce, l\u2019Italie, Malte, Monaco, le Mont\u00e9n\u00e9gro, le Maroc, la Slov\u00e9nie, la Tunisie, la Turquie ainsi que la Commission europ\u00e9enne pour lutter contre les menaces auxquelles les stocks de poisson font face dans la r\u00e9gion.<\/p>\n<\/div>\n<p>Auteur: Meriem IGASS<br \/>\n<a href=\"http:\/\/www.mapmarrakech.ma\/fr\/m-akhannouch-pour-la-durabilite-des-peches-en-mediterranee\/\">Cliquez ici pour lire l&rsquo;article depuis sa source.<\/a><\/p>\n","protected":false},"excerpt":{"rendered":"<p>Marrakech \u2013 Le ministre de l\u2019Agriculture, de la P\u00eache maritime, des Eaux et For\u00eats et du D\u00e9veloppement durable, Aziz Akhannouch a soulign\u00e9, mercredi \u00e0 Marrakech, la n\u00e9cessit\u00e9 de promouvoir la conservation des ressources halieutiques pour assurer un d\u00e9veloppement durable des \u00e9conomies de la r\u00e9gion de la M\u00e9diterran\u00e9e, tout en contribuant au d\u00e9veloppement des communaut\u00e9s c\u00f4ti\u00e8res [&hellip;]<\/p>\n","protected":false},"author":1788,"featured_media":0,"comment_status":"closed","ping_status":"closed","sticky":false,"template":"","format":"standard","meta":{"fifu_image_url":"","fifu_image_alt":"","footnotes":""},"categories":[54,76],"tags":[],"class_list":["post-40155","post","type-post","status-publish","format-standard","hentry","category-maroc","category-regions"],"_links":{"self":[{"href":"https:\/\/linitiative.ca\/International\/wp-json\/wp\/v2\/posts\/40155","targetHints":{"allow":["GET"]}}],"collection":[{"href":"https:\/\/linitiative.ca\/International\/wp-json\/wp\/v2\/posts"}],"about":[{"href":"https:\/\/linitiative.ca\/International\/wp-json\/wp\/v2\/types\/post"}],"author":[{"embeddable":true,"href":"https:\/\/linitiative.ca\/International\/wp-json\/wp\/v2\/users\/1788"}],"replies":[{"embeddable":true,"href":"https:\/\/linitiative.ca\/International\/wp-json\/wp\/v2\/comments?post=40155"}],"version-history":[{"count":0,"href":"https:\/\/linitiative.ca\/International\/wp-json\/wp\/v2\/posts\/40155\/revisions"}],"wp:attachment":[{"href":"https:\/\/linitiative.ca\/International\/wp-json\/wp\/v2\/media?parent=40155"}],"wp:term":[{"taxonomy":"category","embeddable":true,"href":"https:\/\/linitiative.ca\/International\/wp-json\/wp\/v2\/categories?post=40155"},{"taxonomy":"post_tag","embeddable":true,"href":"https:\/\/linitiative.ca\/International\/wp-json\/wp\/v2\/tags?post=40155"}],"curies":[{"name":"wp","href":"https:\/\/api.w.org\/{rel}","templated":true}]}}