{"id":40160,"date":"2019-06-12T06:04:49","date_gmt":"2019-06-12T10:04:49","guid":{"rendered":"https:\/\/linitiative.ca\/International\/lever-de-rideau-sur-la-8e-edition-du-fmfo\/"},"modified":"2019-06-12T06:04:49","modified_gmt":"2019-06-12T10:04:49","slug":"lever-de-rideau-sur-la-8e-edition-du-fmfo","status":"publish","type":"post","link":"https:\/\/linitiative.ca\/International\/lever-de-rideau-sur-la-8e-edition-du-fmfo\/","title":{"rendered":"Lever de rideau sur la 8\u00e8 \u00e9dition du FMFO"},"content":{"rendered":"<div readability=\"37\">\n<p>Le coup d\u2019envoi de la 8\u00e8me \u00e9dition du Festival maghr\u00e9bin du film d\u2019Oujda a \u00e9t\u00e9 donn\u00e9, mardi soir au Th\u00e9\u00e2tre Mohammed VI, en pr\u00e9sence d\u2019une pl\u00e9iade d\u2019artistes et de personnalit\u00e9s du monde de l\u2019art, de la culture et des m\u00e9dias.<\/p>\n<\/div>\n<div readability=\"149\">\n<p>La c\u00e9r\u00e9monie d\u2019ouverture de cet \u00e9v\u00e9nement, organis\u00e9 jusqu\u2019au 15 juin sous le Haut patronage de SM le Roi Mohammed VI, a \u00e9t\u00e9 marqu\u00e9e par des hommages rendus aux r\u00e9alisateurs marocain Kamal Kamal et S\u00e2ad Chraibi, \u00e0 l\u2019Alg\u00e9rien Rachid Bouchareb et \u00e0 l\u2019acteur \u00e9gyptien Sherif Mounir, en reconnaissance de leurs contributions au cin\u00e9ma et \u00e0 la t\u00e9l\u00e9vision arabe et maghr\u00e9bine.<\/p>\n<p>Ce rendez-vous artistique, organis\u00e9 sous le th\u00e8me \u00ab\u00a0le Grand Maghreb uni par son cin\u00e9ma\u00a0\u00bb, r\u00e9unit une constellation d\u2019artistes et cin\u00e9aste marocains et \u00e9trangers, faisant de la ville d\u2019Oujda la capitale du cin\u00e9ma maghr\u00e9bin et un espace de dialogue et d\u2019\u00e9change culturel.<\/p>\n<p>S\u2019exprimant \u00e0 l\u2019ouverture de cette \u00e9dition, le Wali de la r\u00e9gion de l\u2019Oriental, Mouad El Jamai, a indiqu\u00e9 que cet \u00e9v\u00e9nement se veut une occasion idoine \u00e0 m\u00eame de rassembler les cin\u00e9astes maghr\u00e9bins dans une ambiance artistique et culturelle par excellence, et un acquis que les Oujdis doivent pr\u00e9server.<\/p>\n<p>Le cin\u00e9ma maghr\u00e9bin, qui connait un essor remarquable ces derni\u00e8res ann\u00e9es, oeuvre \u00e0 renforcer les \u00e9changes culturels et \u00e0 faire connaitre les pays maghr\u00e9bins, ajoute M. El Jamai, notant que le Festival maghr\u00e9bin du film est de nature \u00e0 accorder \u00e0 la ville d\u2019Oujda une identit\u00e9 et un cachet cin\u00e9matographiques qui lui permettent de s\u2019\u00e9riger constamment au service de l\u2019art et de l\u2019unit\u00e9 maghr\u00e9bine.<\/p>\n<p>\u00ab\u00a0Peu importe le film qui remportera le Grand Prix, car le grand vainqueur demeure bel est bien le cin\u00e9ma maghr\u00e9bin\u00a0\u00bb, estime M. El Jamai, ajoutant que les tables rondes et conf\u00e9rences tenues en marge de cette \u00e9dition devraient enrichir la sc\u00e8ne cin\u00e9matographique maghr\u00e9bine et arabe.<\/p>\n<p>Pour sa part, le directeur du festival, Khalid Sli a affirm\u00e9 que le festival n\u2019a cess\u00e9 de se d\u00e9velopper et de gagner en maturit\u00e9 au fil des \u00e9ditions avant de parvenir \u00e0 \u00e9riger la ville mill\u00e9naire d\u2019Oujda en v\u00e9ritable destination cin\u00e9matographique maghr\u00e9bine et arabe.<\/p>\n<p><img class=\"wp-image-12608 aligncenter\" data-src=\"http:\/\/www.mapoujda.ma\/map\/uploads\/2019\/06\/8\u00e8-\u00e9dition-du-Festival-maghr\u00e9bin-du-film-dOujda-2-M-750\u00d7430.jpg\" alt=\"\" width=\"523\" height=\"300\" srcset=\"http:\/\/www.mapoujda.ma\/map\/uploads\/2019\/06\/8\u00e8-\u00e9dition-du-Festival-maghr\u00e9bin-du-film-dOujda-2-M-750\u00d7430.jpg 750w, http:\/\/www.mapoujda.ma\/map\/uploads\/2019\/06\/8\u00e8-\u00e9dition-du-Festival-maghr\u00e9bin-du-film-dOujda-2-M-750\u00d7430-300x172.jpg 300w\" sizes=\"(max-width: 523px) 100vw, 523px\"\/><\/p>\n<p>Le festival a grandi gr\u00e2ce \u00e0 la pers\u00e9v\u00e9rance, la patience et au grand travail consenti par les diff\u00e9rents partenaires mais aussi gr\u00e2ce \u00e0 la passion des Oujdis pour le 7\u00e8me art, explique M. Sli, \u00e9galement pr\u00e9sident de l\u2019association Cin\u00e9 Maghreb, organisatrice du festival.<\/p>\n<p>M. Sli, qui a rappel\u00e9 le r\u00f4le et l\u2019impact du cin\u00e9ma dans la cr\u00e9ation de ponts entre les peuples, a fait savoir que l\u2019association Cin\u00e9 Maghreb ne cesse de parapher des partenariats avec des instances nationales et internationales afin de promouvoir l\u2019activit\u00e9 cin\u00e9matographique et cr\u00e9er davantage de liens entre les peuples.<\/p>\n<p>La ville d\u2019Oujda dispose d\u2019importantes infrastructures culturelles qui constituent pour le tissu culturel et associatif local un v\u00e9ritable espace d\u2019\u00e9panouissement et d\u2019expression culturelle, a-t-il encore dit.<\/p>\n<p>Sous les applaudissements, le public a re\u00e7u le jury de la s\u00e9lection des longs-m\u00e9trages, pr\u00e9sid\u00e9 par le critique et universitaire alg\u00e9rien, Ahmed Bejjaoui \u00e9paul\u00e9 par le r\u00e9alisateur marocain Hassan Benjelloun et la r\u00e9alisatrice tunisienne Salma Baccar, la chercheuse marocaine A\u00efcha Belarbi et le r\u00e9alisateur mauritanien Abderrahman Lahi.<\/p>\n<p>La cat\u00e9gorie des courts m\u00e9trages est compos\u00e9e du critique marocain Bilal Marmid, des cin\u00e9astes alg\u00e9riens Rachid Benallal et Zahra Harakat et du r\u00e9alisateur tunisien Aniss Lasouad.<\/p>\n<p>Six longs-m\u00e9trages et douze courts-m\u00e9trages, rappelle-t-on, sont programm\u00e9s dans le cadre de la comp\u00e9tition officielle de cette \u00e9dition. Pour les longs-m\u00e9trages, il s\u2019agit de \u00ab\u00a0Reconnaissance\u00a0\u00bb de l\u2019Alg\u00e9rien Salim Hamdi, \u00ab\u00a0Cri de l\u2019\u00e2me\u00a0\u00bb du Marocain Abdelilah Jouahri, \u00ab\u00a0Fatwa\u00a0\u00bb du Tunisien Mahmoud Ben Mahmoud, \u00ab\u00a0La voix des anges\u00a0\u00bb de l\u2019Alg\u00e9rien Kamal Yaich, \u00ab\u00a0Porto-Farina\u00a0\u00bb du Tunisien Ibrahim Letaif et \u00ab\u00a0Une urgence ordinaire\u00a0\u00bb du Marocain Mohcine Besri.<\/p>\n<p>Dans la cat\u00e9gorie des courts m\u00e9trages, les productions participantes sont \u00ab\u00a0Brotherhood\u00a0\u00bb de Meryem Jebbour, \u00ab\u00a0Le chant du cygne\u00a0\u00bb de Yazid El Kadiri,, \u00ab\u00a0Houria\u00a0\u00bb de Oussama Azzi, \u00ab\u00a0Angoisse\u00a0\u00bb de Ali Benjelloun, \u00ab\u00a0Gauche-Droite\u00a0\u00bb de Moutie Dridi, \u00ab\u00a0Synapse\u00a0\u00bb de Nourredine Zerrouki, \u00ab\u00a0Souda\u00a0\u00bb de Amal Saad Bouh, \u00ab\u00a0Point z\u00e9ro\u00a0\u00bb de Nassim Boumaiza, \u00ab\u00a0Ainsi soit-il\u00a0\u00bb de Youssef Mahsas, \u00ab\u00a0Candidats au suicide\u00a0\u00bb de Hamza Afifi, \u00ab\u00a0Un philosophe\u00a0\u00bb de Abdellatif Fadil et \u00ab\u00a0Ghost Reveries\u00a0\u00bb de Safa Ghali.<\/p>\n<p>Par ailleurs, cette 8\u00e8me \u00e9dition sera ponctu\u00e9e par des conf\u00e9rences traitant de questions et sujets li\u00e9s au 7\u00e8 art, dont la pr\u00e9sence de la femme dans le cin\u00e9ma maghr\u00e9bin et la relation entre tourisme et culture, en plus d\u2019ateliers de formation aux m\u00e9tiers du cin\u00e9ma notamment le sc\u00e9nario, l\u2019analyse de l\u2019image, l\u2019initiation \u00e0 la vid\u00e9o et le casting.<\/p>\n<\/div>\n<p>Auteur: Soufiane ELAHMAR<br \/>\n<a href=\"http:\/\/www.mapoujda.ma\/fr\/lever-de-rideau-sur-la-8e-edition-du-fmfo\/\">Cliquez ici pour lire l&rsquo;article depuis sa source.<\/a><\/p>\n","protected":false},"excerpt":{"rendered":"<p>Le coup d\u2019envoi de la 8\u00e8me \u00e9dition du Festival maghr\u00e9bin du film d\u2019Oujda a \u00e9t\u00e9 donn\u00e9, mardi soir au Th\u00e9\u00e2tre Mohammed VI, en pr\u00e9sence d\u2019une pl\u00e9iade d\u2019artistes et de personnalit\u00e9s du monde de l\u2019art, de la culture et des m\u00e9dias. La c\u00e9r\u00e9monie d\u2019ouverture de cet \u00e9v\u00e9nement, organis\u00e9 jusqu\u2019au 15 juin sous le Haut patronage de [&hellip;]<\/p>\n","protected":false},"author":1788,"featured_media":40161,"comment_status":"closed","ping_status":"closed","sticky":false,"template":"","format":"standard","meta":{"fifu_image_url":"","fifu_image_alt":"","footnotes":""},"categories":[54,76],"tags":[],"class_list":["post-40160","post","type-post","status-publish","format-standard","has-post-thumbnail","hentry","category-maroc","category-regions"],"_links":{"self":[{"href":"https:\/\/linitiative.ca\/International\/wp-json\/wp\/v2\/posts\/40160","targetHints":{"allow":["GET"]}}],"collection":[{"href":"https:\/\/linitiative.ca\/International\/wp-json\/wp\/v2\/posts"}],"about":[{"href":"https:\/\/linitiative.ca\/International\/wp-json\/wp\/v2\/types\/post"}],"author":[{"embeddable":true,"href":"https:\/\/linitiative.ca\/International\/wp-json\/wp\/v2\/users\/1788"}],"replies":[{"embeddable":true,"href":"https:\/\/linitiative.ca\/International\/wp-json\/wp\/v2\/comments?post=40160"}],"version-history":[{"count":0,"href":"https:\/\/linitiative.ca\/International\/wp-json\/wp\/v2\/posts\/40160\/revisions"}],"wp:featuredmedia":[{"embeddable":true,"href":"https:\/\/linitiative.ca\/International\/wp-json\/"}],"wp:attachment":[{"href":"https:\/\/linitiative.ca\/International\/wp-json\/wp\/v2\/media?parent=40160"}],"wp:term":[{"taxonomy":"category","embeddable":true,"href":"https:\/\/linitiative.ca\/International\/wp-json\/wp\/v2\/categories?post=40160"},{"taxonomy":"post_tag","embeddable":true,"href":"https:\/\/linitiative.ca\/International\/wp-json\/wp\/v2\/tags?post=40160"}],"curies":[{"name":"wp","href":"https:\/\/api.w.org\/{rel}","templated":true}]}}