{"id":40180,"date":"2019-06-12T15:13:57","date_gmt":"2019-06-12T19:13:57","guid":{"rendered":"https:\/\/linitiative.ca\/International\/ligue-1-2-crb-amrani-je-nai-pris-aucune-decision-concernant-mon-avenir\/"},"modified":"2019-06-12T15:13:57","modified_gmt":"2019-06-12T19:13:57","slug":"ligue-1-2-crb-amrani-je-nai-pris-aucune-decision-concernant-mon-avenir","status":"publish","type":"post","link":"https:\/\/linitiative.ca\/International\/ligue-1-2-crb-amrani-je-nai-pris-aucune-decision-concernant-mon-avenir\/","title":{"rendered":"Ligue 1 &amp; 2 : CRB &#8211; Amrani: \u00abJe n\u2019ai pris aucune d\u00e9cision concernant mon avenir\u00bb"},"content":{"rendered":"<div readability=\"32\">\n<p>Auteur : <span>Synth\u00e8se A. A.<\/span> <span class=\"time\">mercredi 12 juin 2019 13:37<\/span><\/p>\n<\/div>\n<div id=\"post_core\" readability=\"152\">\n<p>L\u2019entra\u00eeneur du CRB Abdelkader Amrani a \u00e9t\u00e9 l\u2019invit\u00e9 sp\u00e9cial \u00e0 El Heddaf TV, suite \u00e0 la cons\u00e9cration de son \u00e9quipe en Coupe d\u2019Alg\u00e9rie. Le coach est revenu sur cette saison exceptionnelle mais surtout tr\u00e8s complexe o\u00f9 l\u2019\u00e9quipe n\u2019a assur\u00e9 son maintien que lors des derni\u00e8res journ\u00e9es du championnat. Et ce n\u2019est pas tout puisque Amrani a aussi \u00e9voqu\u00e9 son avenir au sein de la barre technique du Chabab.<\/p>\n<p><strong>\u00abLa coupe n\u2019a jamais \u00e9t\u00e9 un objectif pour nous\u00bb<\/strong><br \/>Revenons d\u2019abord sur les objectifs de la saison, Amrani a fait savoir que la coupe n\u2019a jamais \u00e9t\u00e9 un objectif aux yeux des responsables de Madar : \u00abJe ne vous cache pas que vu notre situation en championnat, la Coupe d\u2019Alg\u00e9rie n\u2019a jamais figur\u00e9 dans nos objectifs. On \u00e9tait tellement concentr\u00e9s sur les matchs du championnat que la coupe \u00e9tait pour nous l\u2019occasion de gagner en confiance, rien de plus. Je dirais que le tournant a \u00e9t\u00e9 lors de la demi-finale face au CSC. C\u2019est \u00e0 partir de l\u00e0 que nous avons senti qu\u2019il \u00e9tait possible de remporter cette coupe.\u00bb \u00a0<\/p>\n<p><strong>\u00abLorsque j\u2019ai pris l\u2019\u00e9quipe, je doutais vraiment de notre maintien\u00bb<\/strong><br \/>Amrani n\u2019a pas cach\u00e9 le fait qu\u2019il \u00e9tait tr\u00e8s pessimiste lorsqu\u2019il avait pris l\u2019\u00e9quipe en main : \u00abLa situation dans laquelle se trouvait le CRB nous a tous rendus tr\u00e8s pessimistes. Moi-m\u00eame, j\u2019avais vraiment des doutes. Ce qui m\u2019inqui\u00e9tait, c\u2019\u00e9tait le niveau des joueurs qu\u2019il y avait. On ne va pas se voiler la face mais il y a des joueurs qui n\u2019ont pas le niveau pour jouer au CRB. J\u2019ai trouv\u00e9 aussi \u00e0 mon arriv\u00e9 une \u00e9quipe d\u00e9cim\u00e9e. Il y avait un \u00e9norme d\u00e9ficit \u00e0 tous les niveaux et il fallait tout reconstruire de nouveau. On avait tous mis\u00e9 sur un renfort de qualit\u00e9 lors du mercato hivernal.\u00bb<\/p>\n<p><strong>\u00abJe m\u2019\u00e9tais entendu avec Allik pour r\u00e9silier mon contrat si les r\u00e9sultats n\u2019avaient pas suivi\u00bb<\/strong><br \/>Abdelkader Amrani a d\u00e9voil\u00e9 pour la premi\u00e8re fois les modalit\u00e9s du contrat lorsqu\u2019il a pris en main l\u2019\u00e9quipe : \u00abJe me suis entendu avec Allik pour r\u00e9silier mon contrat, apr\u00e8s 2 mois, dans le cas o\u00f9 les r\u00e9sultats ne suivraient pas. Je n\u2019aurais jamais accept\u00e9 l\u2019id\u00e9e de toucher de l\u2019argent\u00a0 si ma venue n\u2019aurais servi \u00e0 rien. Je suis un homme honn\u00eate et c\u2019est comme \u00e7a que j\u2019ai toujours travaill\u00e9.\u00bb<\/p>\n<p><strong>\u00abLa venue de Bouchar et de Sa\u00e2youd nous a apport\u00e9 un plus\u00bb<\/strong><br \/>Revenant sur le recrutement effectu\u00e9 en janvier dernier, Amrani dira ceci : \u00abJe dois dire que l\u2019une des cl\u00e9s de la r\u00e9ussite est le renfort que nous avons effectu\u00e9 lors du mercato hivernal. Il y a eu d\u2019abord la venue de Bouchar. C\u2019est un joueur que je connais car nous avons travaill\u00e9 ensemble \u00e0 S\u00e9tif. Certes, il \u00e9tait en manque de comp\u00e9tition, mais je savais qu\u2019il avait de grandes qualit\u00e9s. C\u2019est le m\u00eame cas pour Sa\u00e2youd qui n\u2019avait pas beaucoup jou\u00e9 \u00e0 l\u2019USMA. Mais je connais ses qualit\u00e9s. J\u2019ai mis\u00e9 sur eux et \u00e7a a march\u00e9 au final.\u00bb<\/p>\n<p><strong>\u00abPlusieurs joueurs avaient refus\u00e9 de venir en janvier dernier\u00bb<\/strong><br \/>Dans ce m\u00eame contexte, le coach Amrani nous ajouta ceci : \u00abJe dois dire aussi que de nombreux joueurs que nous avons sollicit\u00e9s l\u2019hiver dernier avaient refus\u00e9 de venir au club. Ils avaient refus\u00e9 de signer pour un club qui avait de grande chance de terminer en Ligue 2 en fin de saison. C\u2019est pour vous dire que la situation \u00e9tait vraiment difficile car on avait du mal \u00e0 recruter des joueurs.\u00bb<\/p>\n<p><strong>\u00abEn 6 mois de travail avec Allik, j\u2019ai d\u00e9couvert un grand homme\u00bb<\/strong><br \/>Pour ce qui est de la relation de confiance qu\u2019il y avait entre lui et Allik, Amrani dira ceci : \u00abJe connais Allik pour avoir travaill\u00e9 avec lui en 2007 mais on ne s\u2019\u00e9tait pas beaucoup vus. Il \u00e9tait pr\u00e9sident et on se voyait rarement contrairement \u00e0 cette fois. Je dirais que j\u2019ai d\u00e9couvert un grand homme. On partage beaucoup de points en commun. Il me consultait aussi sur l\u2019ensemble des points et on se parlait beaucoup. A mes yeux, l\u2019une de la r\u00e9ussite du CRB est la gestion de Allik. Lorsque je parle de Allik, je parle aussi du P-DG de Madar qui lui aussi \u00e9tait aux soins.\u00bb<br \/>\u00a0<br \/><strong>\u00abLa veille de la finale, j\u2019ai employ\u00e9 un autre ton avec mes joueurs\u00bb<\/strong><br \/>Revenant \u00e0 la pr\u00e9paration de cette finale de coupe, le coach a confi\u00e9 ceci : \u00abTrop de choses ont \u00e9t\u00e9 dites sur cette finale, comme quoi nous \u00e9tions les favoris. J\u2019ai constat\u00e9 que l\u2019ambiance \u00e9tait trop d\u00e9tendue chez mes joueurs. Cela m\u2019a pouss\u00e9 \u00e0 utiliser un autre ton. Je me suis r\u00e9uni avec eux pour les sensibiliser en leur faisant savoir qu\u2019on pouvait perdre facilement cette finale. J\u2019ai d\u00fb remobiliser le groupe pour les remettre dans le match.\u00bb<\/p>\n<p><strong>\u00abA mes yeux, il y avait faute sur le but de la JSMB\u00bb<\/strong><br \/>Pour ce qui est du but refus\u00e9 \u00e0 la JSMB, le coach a dit clairement : \u00abJe vais \u00eatre honn\u00eate avec vous. A mes yeux, il y avait faute sur le but. Je suis d\u2019ailleurs persuad\u00e9 que l\u2019arbitre avait siffl\u00e9, avant que l\u2019attaquant de la JSMB ne marque le but. Je ne sais pas s\u2019il a siffl\u00e9 sur le geste acrobatique de l\u2019attaquant b\u00e9jaoui ou bien il y avait faute bien avant cette action. Mais le fait que l\u2019arbitre ait siffl\u00e9, c\u2019est qu\u2019il y avait faute \u00e0 mes yeux.\u00bb<\/p>\n<p><strong>\u00abUn avenir radieux attend Bousseliou\u00bb<\/strong><br \/>Amrani n\u2019a pas pu s\u2019emp\u00eacher de parler du jeune prodige belouizdadi Bousseliou qui a brill\u00e9 lors de cette finale : \u00abIl\u00a0 a beaucoup de qualit\u00e9s. Il est vrai que je le conseille souvent car il est jeune. Je lui pr\u00e9dis un avenir radieux. Il doit travailler davantage pour progresser. C\u2019est un gentil gar\u00e7on qui peut faire parler de lui dans un avenir proche.\u00bb<\/p>\n<p><strong>\u00ab9 joueurs seront lib\u00e9r\u00e9s\u00bb<\/strong><br \/>Au lendemain de cette finale, Sa\u00efd Allik s\u2019est r\u00e9uni avec Amrani, afin de d\u00e9battre du bilan de la saison. A ce sujet, le coach dira : \u00abJe me suis entretenu pendant 2h avec Allik sur le bilan de la saison. Je lui ai donn\u00e9 9 joueurs sur la liste des lib\u00e9r\u00e9s. J\u2019ai aussi abord\u00e9 plusieurs points qui concernent le recrutement car le club doit effectuer un renfort de qualit\u00e9 au niveau des diff\u00e9rents compartiments du jeu. Le CRB jouera sur plusieurs fronts.\u00bb<\/p>\n<p><strong>\u00abIl n\u2019est pas de mes pr\u00e9rogatives de parler de la politique du club\u00bb<\/strong><br \/>Concernant le conflit qui existe entre Allik et le P-DG de Madar, le premier responsable du staff technique dira : \u00abEcoutez, je vais \u00eatre honn\u00eate avec vous. Je ne me suis jamais m\u00eal\u00e9 des probl\u00e8mes administratifs car ce n\u2019est pas de mes pr\u00e9rogatives. Je suis l\u2019entra\u00eeneur et je me limite uniquement au volet technique. Pour le reste, c\u2019est \u00e0 Allik de les g\u00e9rer. C\u2019est pour cette raison que je n\u2019ai pas une id\u00e9e pr\u00e9cise sur ce qui s\u2019est pass\u00e9 r\u00e9ellement entre Allik et les dirigeants.\u00bb<\/p>\n<p><strong>\u00abJe n\u2019admets pas que certains veulent effacer tout ce que Allik a fait au Chabab\u00bb<\/strong><br \/>Par ailleurs, Amrani a \u00e9t\u00e9 invit\u00e9 \u00e0 donner son point de vue sur la tension qui a pens\u00e9 r\u00e9cemment sur Allik : \u00abJe ne sais pas o\u00f9 r\u00e9side le probl\u00e8me. En tous les cas, tout ce que je peux vous dire, c\u2019est que\u00a0 Allik ainsi que les responsables de Madar ont tous fait du bon travail. Je n\u2019admets donc pas qu\u2019on vienne effacer tout ce qui a \u00e9t\u00e9 fait jusque-l\u00e0. Allik a effectu\u00e9 un travail remarquable et ce serait injuste de venir tout effacer apr\u00e8s cette belle saison couronn\u00e9e par une Coupe d\u2019Alg\u00e9rie.\u00bb<\/p>\n<p><strong>\u00abMon avenir au Chabab ? Je n\u2019ai encore rien d\u00e9cid\u00e9\u00bb<\/strong><br \/>Le premier responsable du staff technique du Chabab de Belouizdad a \u00e9t\u00e9 interrog\u00e9 par la suite sur son avenir au club. Amrani a confi\u00e9 qu\u2019il n\u2019a pour l\u2019instant pas tranch\u00e9 : \u00abJe ne vous cache pas que je n\u2019ai pris aucune d\u00e9cision sur mon avenir. Il y a des chances que je parte mais il y a aussi des chances que je reste. Pour le moment, je vais me reposer, avant de prendre une d\u00e9cision dans les prochains jours.\u00bb<\/p>\n<p><strong>\u00abJ\u2019ai gard\u00e9 de tr\u00e8s bonnes relations avec les dirigeants du CSC\u00bb<\/strong><br \/>Sur son probable retour au CSC, Amrani a ni\u00e9 cela pour la raison suivante : \u00abJe tiens \u00e0 vous dire que je suis toujours en contact avec les dirigeants du CSC, notamment les responsables de l\u2019ENTP. Il y a un respect mutuel entre nous. Mais je tiens \u00e0 vous dire qu\u2019\u00e0 aucun moment, il a \u00e9t\u00e9 question que je revienne au club. Personne ne m\u2019a parl\u00e9 d\u2019un probable retour. Tout cela n\u2019a rien de vrai.\u00bb<br \/>\u00a0<br \/><strong>\u00abLes offres que j\u2019ai re\u00e7ues du Maroc et de Tunisie sont bien sup\u00e9rieures \u00e0 ce que je touche au pays\u00bb<\/strong><br \/>A propos de ses contacts du Maroc et de Tunisie, Amrani a confi\u00e9 : \u00abEffectivement, j\u2019ai re\u00e7u des contacts du Maroc et de Tunisie. Les clubs en question m\u2019ont propos\u00e9 un salaire bien sup\u00e9rieur \u00e0 ce que je touche actuellement au pays. Mais une fois de plus, je n\u2019ai pris aucune d\u00e9cision. Je ne veux pas faire des erreurs lorsque je prends en main une \u00e9quipe. C\u2019est pour cette raison que je veux prendre tout mon temps, avant de trancher.\u00bb<\/p>\n<p><strong>\u00abCe qui a \u00e9t\u00e9 dit sur mon salaire est compl\u00e8tement faux\u00bb<\/strong><br \/>En dernier lieu, Amrani a tenu \u00e0 d\u00e9mentir la somme qui a \u00e9t\u00e9 avanc\u00e9e sur son salaire : \u00abTout ce qui a \u00e9t\u00e9 dit sur mon salaire n\u2019a rien de vrai. On a d\u00e9clar\u00e9 que je touchais 470 millions par mois au CRB. C\u2019est un salaire exorbitant qui n\u2019a rien de vrai. Je tiens \u00e0 vous dire que mon salaire est inf\u00e9rieur \u00e0 des entra\u00eeneurs qui ont travaill\u00e9 au CRB et qui ont quitt\u00e9 le club. Mon salaire est aussi inf\u00e9rieur \u00e0 plusieurs entra\u00eeneurs du championnat, \u00e0 l\u2019instar de celui de Dumas.\u00bb<\/p>\n<p><strong>Publi\u00e9 dans :<\/strong> <span>CRB<\/span> <span>Amrani<\/span> <span>Allik<\/span><\/p>\n<\/div>\n<p>Auteur:<br \/>\n<a href=\"http:\/\/www.lebuteur.com\/article\/detail?titre=crb-amrani-je-nai-pris-aucune-decision-concernant-mon-avenir&#038;id=89512&#038;utm_source=feedburner&#038;utm_medium=feed&#038;utm_campaign=Feed%3A+GalerieFArtciles+%28Les+derniers+articles++-+lebuteur.com%29\">Cliquez ici pour lire l&rsquo;article depuis sa source.<\/a><\/p>\n","protected":false},"excerpt":{"rendered":"<p>Auteur : Synth\u00e8se A. A. mercredi 12 juin 2019 13:37 L\u2019entra\u00eeneur du CRB Abdelkader Amrani a \u00e9t\u00e9 l\u2019invit\u00e9 sp\u00e9cial \u00e0 El Heddaf TV, suite \u00e0 la cons\u00e9cration de son \u00e9quipe en Coupe d\u2019Alg\u00e9rie. Le coach est revenu sur cette saison exceptionnelle mais surtout tr\u00e8s complexe o\u00f9 l\u2019\u00e9quipe n\u2019a assur\u00e9 son maintien que lors des derni\u00e8res [&hellip;]<\/p>\n","protected":false},"author":1738,"featured_media":40181,"comment_status":"closed","ping_status":"closed","sticky":false,"template":"","format":"standard","meta":{"fifu_image_url":"","fifu_image_alt":"","footnotes":""},"categories":[53,75],"tags":[],"class_list":["post-40180","post","type-post","status-publish","format-standard","has-post-thumbnail","hentry","category-algerie","category-sport"],"_links":{"self":[{"href":"https:\/\/linitiative.ca\/International\/wp-json\/wp\/v2\/posts\/40180","targetHints":{"allow":["GET"]}}],"collection":[{"href":"https:\/\/linitiative.ca\/International\/wp-json\/wp\/v2\/posts"}],"about":[{"href":"https:\/\/linitiative.ca\/International\/wp-json\/wp\/v2\/types\/post"}],"author":[{"embeddable":true,"href":"https:\/\/linitiative.ca\/International\/wp-json\/wp\/v2\/users\/1738"}],"replies":[{"embeddable":true,"href":"https:\/\/linitiative.ca\/International\/wp-json\/wp\/v2\/comments?post=40180"}],"version-history":[{"count":0,"href":"https:\/\/linitiative.ca\/International\/wp-json\/wp\/v2\/posts\/40180\/revisions"}],"wp:featuredmedia":[{"embeddable":true,"href":"https:\/\/linitiative.ca\/International\/wp-json\/"}],"wp:attachment":[{"href":"https:\/\/linitiative.ca\/International\/wp-json\/wp\/v2\/media?parent=40180"}],"wp:term":[{"taxonomy":"category","embeddable":true,"href":"https:\/\/linitiative.ca\/International\/wp-json\/wp\/v2\/categories?post=40180"},{"taxonomy":"post_tag","embeddable":true,"href":"https:\/\/linitiative.ca\/International\/wp-json\/wp\/v2\/tags?post=40180"}],"curies":[{"name":"wp","href":"https:\/\/api.w.org\/{rel}","templated":true}]}}