{"id":40182,"date":"2019-06-12T15:13:58","date_gmt":"2019-06-12T19:13:58","guid":{"rendered":"https:\/\/linitiative.ca\/International\/ligue-1-2-mco-hyproc-denigre-les-hamraoua\/"},"modified":"2019-06-12T15:13:58","modified_gmt":"2019-06-12T19:13:58","slug":"ligue-1-2-mco-hyproc-denigre-les-hamraoua","status":"publish","type":"post","link":"https:\/\/linitiative.ca\/International\/ligue-1-2-mco-hyproc-denigre-les-hamraoua\/","title":{"rendered":"Ligue 1 &amp; 2 : MCO : Hyproc d\u00e9nigre les Hamraoua"},"content":{"rendered":"<div readability=\"32\">\n<p>Auteur : <span>A.L.<\/span> <span class=\"time\">mercredi 12 juin 2019 13:37<\/span><\/p>\n<\/div>\n<div id=\"post_core\" readability=\"88\">\n<p>Les supporters du Mouloudia d\u2019Oran ont \u00e9t\u00e9 confront\u00e9s avant-hier apr\u00e8s l\u2019assembl\u00e9e g\u00e9n\u00e9rale extraordinaire des actionnaires \u00e0 la dure r\u00e9alit\u00e9 qui est la non-venue de la soci\u00e9t\u00e9 Hyproc dans l\u2019imm\u00e9diat. L\u2019absence du P-DG de la soci\u00e9t\u00e9, Houcine Boudia, veut tout dire puisqu\u2019il y avait seulement un repr\u00e9sentant de la firme en question qui a non seulement refus\u00e9 de divulguer son nom et sa fonction s\u2019abstenant de toute d\u00e9claration avant et apr\u00e8s l\u2019AG. Cette absence a \u00e9t\u00e9 per\u00e7ue comme une fuite en avant de la soci\u00e9t\u00e9 en question par les nombreux supporters pr\u00e9sents \u00e0 l\u2019h\u00f4tel Le M\u00e9ridien pour acqu\u00e9rir les nouvelles et les d\u00e9cisions prises lors de cette AG.<br \/><strong>Karaouzene, le plan B contest\u00e9<\/strong><br \/>Sous le coup de la d\u00e9ception suite au lapin pos\u00e9 par les responsables de Hyproc qui n\u2019ont m\u00eame pas pris la peine d\u2019assister \u00e0 cette AG, les supporters du Mouloudia pr\u00e9sents \u00e0 cette AG n\u2019ont pas vraiment accept\u00e9 ce plan B qui est l\u2019\u00e9lection de Nasreddine Karaouzene \u00e0 la t\u00eate de la SSPA\/MCO. Ils se sont demand\u00e9s comment il se fait que le promoteur en question peut acheter si rapidement les actions et acc\u00e9der dans l\u2019imm\u00e9diat \u00e0 la t\u00eate du club alors qu\u2019une soci\u00e9t\u00e9 aussi puissante que Hyproc traine \u00e0 racheter le club. Ce plan B qui est Karaouzene est loin de satisfaire les fans du Mouloudia qui ont d\u00fb rester sur leur faim \u00e0 la fin de cette AG.<br \/><strong>Le conseil d\u2019administration, un autre flop<\/strong><br \/>La composante du conseil d\u2019administration qui a certes connu l\u2019int\u00e9gration de deux anciens joueurs, \u00e0 savoir Mohamed R\u00e9da Acimi et Redouane Benzerga ainsi que le nouveau pr\u00e9sident, Nasreddine Karaouzene, mais le reste a d\u00e9j\u00e0 occup\u00e9 cette fonction \u00e0 l\u2019image de Djebbari, Mehiaoui et autres Bessedjerari. Selon nos sources, les autorit\u00e9s locales de la ville n\u2019auraient pas appr\u00e9ci\u00e9 cette composante puisqu\u2019on a r\u00e9clam\u00e9 un changement radical au sein de la soci\u00e9t\u00e9.<br \/><strong>Mehiaoui s\u2019est retir\u00e9 du CA<\/strong><br \/>La fin des travaux de l\u2019AG a connu la d\u00e9mission de Tayeb Mehiaoui du conseil d\u2019administration. Bien qu\u2019il soit actionnaire et repr\u00e9sentant du club amateur, le concessionnaire de la maison Peugeot \u00e0 Oran a d\u00e9cid\u00e9 de se retirer de la composante du conseil d\u2019administration qui ne sera compos\u00e9e que de cinq personnes.<br \/>\u00a0<\/p>\n<p><strong>Acimi \u00abJ\u2019ai rejoint le CA car personne ne voulait s\u2019engager\u00bb<\/strong><\/p>\n<p>L\u2019ancien portier oranais Mohamed R\u00e9da Acimi parle des raisons qui l\u2019ont pouss\u00e9 \u00e0 int\u00e9grer le conseil d\u2019administration de la SSPA\/MCO : \u00ab C\u2019est normal que ma pr\u00e9sence au sein du CA paraisse un peu bizarre compte tenu que je ne suis pas un actionnaire encore moins une personne pr\u00e9tentieuse. Mais les gens doivent comprendre que j\u2019\u00e9tais forc\u00e9 \u00e0 int\u00e9grer ce conseil d\u2019administration car personne ne voulait y acc\u00e9der. Je ne voulais pas p\u00e9naliser encore l\u2019\u00e9quipe. Raison pour laquelle j\u2019ai d\u00e9cid\u00e9 d\u2019int\u00e9grer le conseil et permettre \u00e0 l\u2019\u00e9quipe de d\u00e9passer ce blocage Apr\u00e8s tu vois des personnes qui te taxent avec X ou Y. J\u2019ai dit \u00e0 la sortie de l\u2019AG que je n\u2019appartiens \u00e0 aucun clac. \u00bb<\/p>\n<p><strong>\u00ab Je suis un homme de terrain pas d\u2019administration \u00bb<\/strong><br \/>Acimi affirme que cette d\u00e9cision a \u00e9t\u00e9 prise pour permettre \u00e0 l\u2019\u00e9quipe de commencer la pr\u00e9paration : \u00ab Je ne suis pas un homme d\u2019administration. Je suis quelqu\u2019un du terrain. Chacun a des pr\u00e9rogatives. J\u2019ai int\u00e9gr\u00e9 le CA pratiquement pour permettre \u00e0 l\u2019\u00e9quipe de d\u00e9marrer avec un nouvel organigramme. Certes qu\u2019on est tous d\u00e9\u00e7us par la non-venue d\u2019Hyproc malgr\u00e9 l\u2019accord qui \u00e9tait trouv\u00e9 entre les autorit\u00e9s locales et les responsables de la soci\u00e9t\u00e9 mais il faut que l\u2019\u00e9quipe commence le travail sur des bases solides. \u00bb<\/p>\n<p><strong>\u00ab Encore t\u00f4t de parler d\u2019un retour au MCO \u00bb<\/strong><br \/>Pour ce qui de ses intentions, R\u00e9da Acimi ne cache pas son souhait d\u2019int\u00e9grer l\u2019encadrement technique de l\u2019\u00e9quipe : \u00ab Qui est ce technicien qui n\u2019aime pas travailler chez lui dans son club de toujours ? Je mentirai si je dirai que je ne veux pas travailler au Mouloudia. Mais encore faut-il qu\u2019on fasse appel \u00e0 moi et qu\u2019on r\u00e9unira les conditions pour r\u00e9aliser un travail sain. J\u2019ai d\u00e9j\u00e0 refus\u00e9 de travaill\u00e9 car j\u2019ai jug\u00e9 que le climat n\u2019\u00e9tait pas favorable. Maintenant, il est franchement t\u00f4t de parler de mon avenir. \u00bb\u00a0 \u00a0<br \/>\u00a0<\/p>\n<p><strong>Belabb\u00e8s c\u00e8de ses actions\u2026<\/strong><br \/>Toujours sous les projecteurs lorsqu\u2019il s\u2019agit des changements et des remaniements \u00e0 la t\u00eate du club, l\u2019ancien joueur Abdelhafid Belabb\u00e8s qui en a marre d\u2019\u00eatre souvent tax\u00e9 de faiseur des pr\u00e9sidents a choisi cette fois-ci le moyen le plus fort en se retirant d\u2019une mani\u00e8re officielle. L\u2019actionnaire en question a d\u00e9pos\u00e9 avant-hier avec copie adress\u00e9e \u00e0 la DJS une d\u00e9mission \u00e9crite et l\u00e9galis\u00e9e.<br \/><strong>\u2026 Et se retire du CSA<\/strong><br \/>Belabb\u00e8s qui est \u00e9galement membre de l\u2019assembl\u00e9e g\u00e9n\u00e9rale du club amateur a \u00e9galement tenu \u00e0 quitter cette AG pour qu\u2019il n\u2019aurait aucun lien ni de pr\u00e8s ni de loin avec l\u2019\u00e9quipe. Hafid Belabb\u00e8s veut se consacrer exclusivement \u00e0 son poste de membre de la CRL.<br \/><strong>\u00ab Je ne fais plus partie du Mouloudia \u00bb<\/strong><br \/>Dans un communiqu\u00e9 adress\u00e9 \u00e0 l\u2019ensemble de la presse sportive, Belabb\u00e8s annonce son retrait officiel : \u00ab J\u2019ai le regret de vous informer de mon retrait d\u00e9finitif de la SSPA\/MCO ainsi que ma d\u00e9mission du club amateur. Dor\u00e9navant, toutes implications de mon nom dans les affaires du MCO verra ses auteurs \u00e0 des poursuites judiciaires. \u00bb<\/p>\n<p><strong>Karaouzene compte persuader les supporters<\/strong><br \/>Charg\u00e9 par des supporters pr\u00e9sents au lieu de l\u2019AG extraodinaire qui s\u2019est d\u00e9roul\u00e9e \u00e0 l\u2019h\u00f4tel Le M\u00e9ridien, le nouveau pr\u00e9sident du MCO, Nasreddine Karaouzene a promis de convaincre les fans du Mouloudia en demandant qu\u2019il lui accorde un laps de temps n\u00e9cessaire. Le nouveau patron veut en effet commencer par b\u00e2tir une solide administration et restructurer de nouveau le club. En tous les cas, c\u2019est une promesse qu\u2019il a faite en pr\u00e9sence des m\u00e9dias et les curieux parmi les supporters du Mouloudia.<br \/><strong>Tabti et Belkhiter, les priorit\u00e9s !<\/strong><br \/>Selon nos sources, le pr\u00e9sident du MCO est sur la piste de deux \u00e9l\u00e9ments que sont le milieu de terrain, Larbi Tabti qui \u00e9volue \u00e0 l\u2019USM Bel-Abb\u00e8s et l\u2019arri\u00e8re droit, El Kadissya de l\u2019Arabie de Saoudite, Mokhtar Belkhiter. Le pr\u00e9sident du Mouloudia aurait \u00e9tabli des contacts avec Les deux \u00e9l\u00e9ments en question en attendant de passer aux n\u00e9gociations.<br \/>\u00a0<\/p>\n<p><strong>Publi\u00e9 dans :<\/strong> <span>mco<\/span> <span>Mehiaoui<\/span> <span>Belabb\u00e8s<\/span> <span>Acimi<\/span> <span>Karaouzene<\/span><\/p>\n<\/div>\n<p>Auteur:<br \/>\n<a href=\"http:\/\/www.lebuteur.com\/article\/detail?titre=mco-hyproc-denigre-les-hamraoua&#038;id=89511&#038;utm_source=feedburner&#038;utm_medium=feed&#038;utm_campaign=Feed%3A+GalerieFArtciles+%28Les+derniers+articles++-+lebuteur.com%29\">Cliquez ici pour lire l&rsquo;article depuis sa source.<\/a><\/p>\n","protected":false},"excerpt":{"rendered":"<p>Auteur : A.L. mercredi 12 juin 2019 13:37 Les supporters du Mouloudia d\u2019Oran ont \u00e9t\u00e9 confront\u00e9s avant-hier apr\u00e8s l\u2019assembl\u00e9e g\u00e9n\u00e9rale extraordinaire des actionnaires \u00e0 la dure r\u00e9alit\u00e9 qui est la non-venue de la soci\u00e9t\u00e9 Hyproc dans l\u2019imm\u00e9diat. L\u2019absence du P-DG de la soci\u00e9t\u00e9, Houcine Boudia, veut tout dire puisqu\u2019il y avait seulement un repr\u00e9sentant de [&hellip;]<\/p>\n","protected":false},"author":1738,"featured_media":40183,"comment_status":"closed","ping_status":"closed","sticky":false,"template":"","format":"standard","meta":{"fifu_image_url":"","fifu_image_alt":"","footnotes":""},"categories":[53,75],"tags":[],"class_list":["post-40182","post","type-post","status-publish","format-standard","has-post-thumbnail","hentry","category-algerie","category-sport"],"_links":{"self":[{"href":"https:\/\/linitiative.ca\/International\/wp-json\/wp\/v2\/posts\/40182","targetHints":{"allow":["GET"]}}],"collection":[{"href":"https:\/\/linitiative.ca\/International\/wp-json\/wp\/v2\/posts"}],"about":[{"href":"https:\/\/linitiative.ca\/International\/wp-json\/wp\/v2\/types\/post"}],"author":[{"embeddable":true,"href":"https:\/\/linitiative.ca\/International\/wp-json\/wp\/v2\/users\/1738"}],"replies":[{"embeddable":true,"href":"https:\/\/linitiative.ca\/International\/wp-json\/wp\/v2\/comments?post=40182"}],"version-history":[{"count":0,"href":"https:\/\/linitiative.ca\/International\/wp-json\/wp\/v2\/posts\/40182\/revisions"}],"wp:featuredmedia":[{"embeddable":true,"href":"https:\/\/linitiative.ca\/International\/wp-json\/"}],"wp:attachment":[{"href":"https:\/\/linitiative.ca\/International\/wp-json\/wp\/v2\/media?parent=40182"}],"wp:term":[{"taxonomy":"category","embeddable":true,"href":"https:\/\/linitiative.ca\/International\/wp-json\/wp\/v2\/categories?post=40182"},{"taxonomy":"post_tag","embeddable":true,"href":"https:\/\/linitiative.ca\/International\/wp-json\/wp\/v2\/tags?post=40182"}],"curies":[{"name":"wp","href":"https:\/\/api.w.org\/{rel}","templated":true}]}}