{"id":40186,"date":"2019-06-12T15:14:00","date_gmt":"2019-06-12T19:14:00","guid":{"rendered":"https:\/\/linitiative.ca\/International\/ligue-1-2-jsk-velud-a-la-jsk-cest-officiel\/"},"modified":"2019-06-12T15:14:00","modified_gmt":"2019-06-12T19:14:00","slug":"ligue-1-2-jsk-velud-a-la-jsk-cest-officiel","status":"publish","type":"post","link":"https:\/\/linitiative.ca\/International\/ligue-1-2-jsk-velud-a-la-jsk-cest-officiel\/","title":{"rendered":"Ligue 1 &amp; 2 : JSK : Velud \u00e0 la JSK, c\u2019est officiel !"},"content":{"rendered":"<div readability=\"32\">\n<p>Auteur : <span>Sa\u00efd D.<\/span> <span class=\"time\">mercredi 12 juin 2019 13:37<\/span><\/p>\n<\/div>\n<div id=\"post_core\" readability=\"98\">\n<p>Apr\u00e8s une saison fantastique achev\u00e9e sur une cerise sur le g\u00e2teau, une deuxi\u00e8me place qualificative \u00e0 la prochaine \u00e9dition de la Ligue des champions, la direction de la JSK, \u00e0 sa t\u00eate le pr\u00e9sident Ch\u00e9rif Mellal, d\u00e9cide de rompre le contrat avec le technicien fran\u00e7ais, Franck Dumas. En d\u00e9pit de son parcours remarquable, le club le plus titr\u00e9 d\u2019Alg\u00e9rie a rompu le contact avec lui pour des raisons d\u00e9j\u00e0 communiqu\u00e9es dans notre journal. Et pour assurer sa succession, sans perdre trop de temps, le boss kabyle avait tout planifi\u00e9 en prenant directement attache avec l\u2019ancien coach de l\u2019USMA, Hubert Velud. D\u2019ailleurs, l\u2019information a \u00e9t\u00e9 rapport\u00e9e par nos soins, au lendemain de la confirmation du d\u00e9part de Dumas. Mais \u00e0 chaque fois, le pr\u00e9sident refuse de confirmer l\u2019arriv\u00e9e de l\u2019autre Fran\u00e7ais. Ce qui a ouvert une br\u00e8che \u00e0 certaines personnes de dire qu\u2019aucun accord n\u2019a \u00e9t\u00e9 trouv\u00e9 avec l\u2019ancien coach du TP Mazembe, particuli\u00e8rement sur le plan financier. Mais ce que les observateurs doivent savoir, c\u2019est que Hubert Velud est officiellement driver de la JSK et qu\u2019il est attendu dans les prochains jours en Alg\u00e9rie. Autrement dit, tout ce qui a \u00e9t\u00e9 dit n\u2019est que rumeurs.<\/p>\n<p><strong>L\u2019accord conclu il y a plusieurs jours<\/strong><br \/>Certains sp\u00e9culent que les n\u00e9gociations avec Velud sont toujours en cours. En effet, les responsables du Djurdjura ont d\u00e9j\u00e0 tout finalis\u00e9 avec lui depuis au moins deux semaines. D\u2019ailleurs, c\u2019est ce qui explique d\u00e9j\u00e0 sa participation au recrutement en donnant son avis sur les \u00e9l\u00e9ments enr\u00f4l\u00e9s.<\/p>\n<p><strong>L\u2019engagement pour trois ans a \u00e9t\u00e9 sign\u00e9 en France<\/strong><br \/>Apr\u00e8s avoir trouv\u00e9 un terrain d\u2019entente avec le club du Djurdjura, le technicien Hubert Velud a aussi paraph\u00e9 son contrat de trois ans \u00e0 Paris. Ainsi, il a pu arracher un accord avec le boss des Jaune et Vert en quelques minutes seulement. Vu qu\u2019il suit de pr\u00e8s le championnat alg\u00e9rien, cela a \u00e9norm\u00e9ment rassur\u00e9 le patron du club.<\/p>\n<p><strong>Aucun diff\u00e9rend financier entre les deux parties<\/strong><br \/>L\u2019autre point important \u00e0 relever, c\u2019est que la direction de la JSK n\u2019a en aucun moment trouv\u00e9 des difficult\u00e9s \u00e0 engager Velud, notamment sur le plan financier. L\u2019entente a \u00e9t\u00e9 conclu rapidement.<\/p>\n<p><strong>Le secret du site officiel<\/strong><br \/>Certains se posaient la question pourquoi la JSK n\u2019a pas annonc\u00e9 l\u2019arriv\u00e9e de Velud sur son site officiel. En essayant de comprendre la raison de ce choix, la raison est toute simple, la r\u00e9siliation du contrat de Dumas les a retard\u00e9s avant de passer \u00e0 l\u2019autre \u00e9tape.<\/p>\n<p><strong>Le contrat sera sign\u00e9 lundi \u00e0 Evian<\/strong><br \/>Alors que l\u2019accord a d\u00e9j\u00e0 \u00e9t\u00e9 trouv\u00e9, nous avons appris d\u2019une source s\u00fbre que le coach Hubert Velud, qui a accept\u00e9 de vivre une nouvelle exp\u00e9rience en Alg\u00e9rie, signera son contrat, ce lundi, \u00e0 Evian. La c\u00e9r\u00e9monie aura lieu en pr\u00e9sence de Ghiles Mellal, le nouveau pr\u00e9parateur physique et Jean Yves Chay. A rappeler que Velud va parapher un bail de trois ans.<\/p>\n<p><strong>Ouaslati (agent de Velud) : \u00abHubert est le nouveau coach de la JSK\u00bb<\/strong><br \/>Joint par nos soins, le manager de Velud nous a fait savoir que le Fran\u00e7ais est officiellement le nouveau technicien de la JSK et que le contrat sera sign\u00e9 ce lundi \u00e0 Evian : \u00abTout \u00e0 fait, Velud est le nouvel entra\u00eeneur de la JSK. Il signera son engagement lundi \u00e0 Evian.\u00bb<\/p>\n<p><strong>Publi\u00e9 dans :<\/strong> <span>JSK<\/span> <span>Velud<\/span> <span>Ouaslati<\/span><\/p>\n<\/div>\n<p>Auteur:<br \/>\n<a href=\"http:\/\/www.lebuteur.com\/article\/detail?titre=jsk-velud-a-la-jsk-cest-officiel&#038;id=89508&#038;utm_source=feedburner&#038;utm_medium=feed&#038;utm_campaign=Feed%3A+GalerieFArtciles+%28Les+derniers+articles++-+lebuteur.com%29\">Cliquez ici pour lire l&rsquo;article depuis sa source.<\/a><\/p>\n","protected":false},"excerpt":{"rendered":"<p>Auteur : Sa\u00efd D. mercredi 12 juin 2019 13:37 Apr\u00e8s une saison fantastique achev\u00e9e sur une cerise sur le g\u00e2teau, une deuxi\u00e8me place qualificative \u00e0 la prochaine \u00e9dition de la Ligue des champions, la direction de la JSK, \u00e0 sa t\u00eate le pr\u00e9sident Ch\u00e9rif Mellal, d\u00e9cide de rompre le contrat avec le technicien fran\u00e7ais, Franck [&hellip;]<\/p>\n","protected":false},"author":1738,"featured_media":40187,"comment_status":"closed","ping_status":"closed","sticky":false,"template":"","format":"standard","meta":{"fifu_image_url":"","fifu_image_alt":"","footnotes":""},"categories":[53,75],"tags":[],"class_list":["post-40186","post","type-post","status-publish","format-standard","has-post-thumbnail","hentry","category-algerie","category-sport"],"_links":{"self":[{"href":"https:\/\/linitiative.ca\/International\/wp-json\/wp\/v2\/posts\/40186","targetHints":{"allow":["GET"]}}],"collection":[{"href":"https:\/\/linitiative.ca\/International\/wp-json\/wp\/v2\/posts"}],"about":[{"href":"https:\/\/linitiative.ca\/International\/wp-json\/wp\/v2\/types\/post"}],"author":[{"embeddable":true,"href":"https:\/\/linitiative.ca\/International\/wp-json\/wp\/v2\/users\/1738"}],"replies":[{"embeddable":true,"href":"https:\/\/linitiative.ca\/International\/wp-json\/wp\/v2\/comments?post=40186"}],"version-history":[{"count":0,"href":"https:\/\/linitiative.ca\/International\/wp-json\/wp\/v2\/posts\/40186\/revisions"}],"wp:featuredmedia":[{"embeddable":true,"href":"https:\/\/linitiative.ca\/International\/wp-json\/"}],"wp:attachment":[{"href":"https:\/\/linitiative.ca\/International\/wp-json\/wp\/v2\/media?parent=40186"}],"wp:term":[{"taxonomy":"category","embeddable":true,"href":"https:\/\/linitiative.ca\/International\/wp-json\/wp\/v2\/categories?post=40186"},{"taxonomy":"post_tag","embeddable":true,"href":"https:\/\/linitiative.ca\/International\/wp-json\/wp\/v2\/tags?post=40186"}],"curies":[{"name":"wp","href":"https:\/\/api.w.org\/{rel}","templated":true}]}}