{"id":40188,"date":"2019-06-12T15:14:01","date_gmt":"2019-06-12T19:14:01","guid":{"rendered":"https:\/\/linitiative.ca\/International\/ligue-1-2-csc-belameiri-de-retour\/"},"modified":"2019-06-12T15:14:01","modified_gmt":"2019-06-12T19:14:01","slug":"ligue-1-2-csc-belameiri-de-retour","status":"publish","type":"post","link":"https:\/\/linitiative.ca\/International\/ligue-1-2-csc-belameiri-de-retour\/","title":{"rendered":"Ligue 1 &amp; 2 : CSC : Belameiri de retour ?"},"content":{"rendered":"<div readability=\"33\">\n<p>Auteur : <span>H.S., Samir K.<\/span> <span class=\"time\">mercredi 12 juin 2019 13:37<\/span><\/p>\n<\/div>\n<div id=\"post_core\" readability=\"121\">\n<p>El Hadi Belameiri qui a laiss\u00e9 une bonne impression aupr\u00e8s des Sanafir, et qui a \u00e9volu\u00e9 la saison pass\u00e9e dans le championnat chypriote, est sur le point de conclure son retour au CSC. Aux derni\u00e8res nouvelles, l\u2019attaquant auteur de 10 buts la saison pass\u00e9e avec son club Alki Oroklini, en championnat et en coupe, a eu une discussion derni\u00e8rement avec le manager Tarek Arama qui lui a propos\u00e9 de revenir cette saison. Une proposition que le joueur a accept\u00e9e et il attend un autre appel pour se d\u00e9placer en Alg\u00e9rie et finaliser, avant d\u2019aller passer quelques jours de vacances avec sa famille. Belameiri qui a jou\u00e9 30 matchs la saison derni\u00e8re a retrouv\u00e9 son niveau et affiche une grande d\u00e9termination de rev\u00eatir le maillot vert et noir. Mais il n\u2019y a pas que le CSC qui veut s\u2019attacher les services de Belameiri, puisque l\u2019USMA et le CRB sont sur ses traces.<br \/>\u00a0<\/p>\n<p><strong>\u00ab Pr\u00eat \u00e0 rev\u00eatir le maillot du CSC et j\u2019attends un autre appel des dirigeants \u00bb<\/strong><\/p>\n<p><strong>Comment allez-vous El Hadi ?<\/strong><br \/>Tout va bien et Dieu merci je suis chez moi en France o\u00f9 je passe mes vacances avec ma famille. Apr\u00e8s une saison charg\u00e9e avec mon club dans le championnat du Chypre je me ressource aupr\u00e8s de ma famille.<br \/><strong>Est-ce que vous confirmez les contacts avec le CSC pour un \u00e9ventuel retour ?<\/strong><br \/>Oui, je confirme les contacts avec le CSC, puisque le manager g\u00e9n\u00e9ral Tarek Arama m\u2019a appel\u00e9 il y a une semaine. Il y a m\u00eame des personnes qui veulent savoir si je suis pr\u00eat \u00e0 revenir. Mais rien d\u2019officiel pour le moment.<br \/><strong>Etes-vous pr\u00eat \u00e0 rev\u00eatir le maillot vert et noir d\u00e8s la saison prochaine ?<\/strong><br \/>Bien s\u00fbr que je suis pr\u00eat \u00e0 porter de nouveau le maillot du CSC, o\u00f9 je ne garde que de bons souvenirs de mon passage, m\u00eame si je n\u2019ai pas eu une chance totale, pour prouver mes capacit\u00e9s.<br \/><strong>Pourquoi vous voulez revenir en Alg\u00e9rie ?<\/strong><br \/>Pour la simple la raison je n\u2019ai pas eu ma chance. En plus je n\u2019ai pas dit que je veux rejouer en Alg\u00e9rie. Mais s\u2019il y a une bonne proposition, et pas forc\u00e9ment sur le plan financier, je rejouerai avec plaisir dans le championnat d\u2019Alg\u00e9rie. Je veux jouer dans un club qui me permettra de faire \u00e9clater mes capacit\u00e9s et mes qualit\u00e9s, car je sais ce que je vaux.<br \/><strong>On comprend que vous suivez avec beaucoup d\u2019attention l\u2019actualit\u00e9 du CSC, n\u2019est-ce pas ?<\/strong><br \/>Oui eh comment ne pas suivre l\u2019actualit\u00e9 du club o\u00f9 j\u2019ai pass\u00e9 deux saisons et surtout ces moments de joie apr\u00e8s notre cons\u00e9cration en championnat. Ce merveilleux public qui est tout le temps \u00e0 nos c\u00f4t\u00e9s \u00e0 domicile ou \u00e0 l\u2019ext\u00e9rieur. Le CSC fait partie de ma vie et je veux y retourner et je n\u2019attends qu\u2019un autre appel des dirigeants.<\/p>\n<p><strong>Belkacemi\u00a0 \u00abOn t\u00e2chera d\u2019honorer le club en Coupe arabe\u00bb<\/strong><\/p>\n<p>L\u2019attaquant Smail Belkacemi promet aux Sanafir de tout donner en Coupe arabe, pour honorer les couleurs du CSC et le pays dans cette comp\u00e9tition o\u00f9 ils comptent aller le plus loin possible : \u00abApr\u00e8s avoir r\u00e9ussi un bon parcours en Ligue des champions africaine, en atteignant les quarts de finale, on compte entamer la nouvelle saison en force. On va tout donner en Ligue des champions arabe, une comp\u00e9tition qui sera une autre exp\u00e9rience pour nous. On veut aller le plus loin possible dans cette comp\u00e9tition et honorer comme il se doit les couleurs du CSC et celles du pays.\u00bb<\/p>\n<p><strong>\u00abSatisfait de mon rendement et d\u2019avoir termin\u00e9 meilleur buteur de l\u2019\u00e9quipe\u00bb<\/strong><br \/>Belkacemi revient sur son parcours avec le CSC et son rendement. Il estime : \u00abJ\u2019ai r\u00e9ussi de bonnes choses avec le CSC cette saison, en marquant 11 buts, en championnat, en Coupe d\u2019Alg\u00e9rie et en Ligue des champions. Je suis satisfait de mon rendement. N\u2019\u00e9taient les blessures \u00e0 r\u00e9p\u00e9tition, j\u2019aurais marqu\u00e9 plus de buts. Je suis content pour mon rendement et je suis heureux de finir buteur de l\u2019\u00e9quipe. Je t\u00e2cherai de donner le meilleur de moi-m\u00eame, \u00e0 l\u2019avenir en marquant plus de buts la saison prochaine. Fier de porter le maillot du CSC et d\u2019avoir contribu\u00e9 \u00e0 notre belle saison.\u00bb<\/p>\n<p><strong>\u00abJ\u2019aurais souhait\u00e9 gagner un titre\u00bb<\/strong><br \/>L\u2019attaquant des Vert et Noir regrette de ne pas avoir gagn\u00e9 un titre cette saison. Il nous d\u00e9clare ce qui suit : \u00abLe CSC a gagn\u00e9 un titre et on aurait tous souhait\u00e9 qu\u2019on gagne un autre cette saison. Mais c\u2019est bien dommage, on voulait remporter la Coupe d\u2019Alg\u00e9rie. C\u2019est rageant de rater cette saison, en sortant les mains vides. Mais ce n\u2019est que partie remise et on promet aux supporters de rebondir la saison prochaine et de gagner un titre inch\u2019Allah.\u00bb<\/p>\n<p><strong>\u00abOn a gagn\u00e9 en exp\u00e9rience sur le plan international\u00bb<\/strong><br \/>Il dira en conclusion :\u00a0 \u00abL\u2019\u00e9quipe a gagn\u00e9 en exp\u00e9rience, apr\u00e8s sa participation en Ligue des champions africaine. On sera plus forts et meilleurs, lors de notre prochaine participation \u00e0 la Coupe arabe. On va tout donner pour honorer les couleurs nationales et, inch\u2019Allah, on ne d\u00e9cevra pas les Sanafir.\u00bb<\/p>\n<p><strong>Le feuilleton du joueur se poursuit<\/strong><\/p>\n<p>Le feuilletont Hocine Benayada se poursuit toujours et il n\u2019y a rien de nouveau concernant sa lib\u00e9ration vers un club europ\u00e9en. Le joueur a eu une discussion avec le DG Sa\u00efd Naouri et qui a dur\u00e9 plus d\u2019une heure, sans r\u00e9sultat. Chaque partie campe sur sa position. D\u2019un c\u00f4t\u00e9, le joueur veut partir, de l\u2019autre Naouri veut le garder. Mais les deux parties ont trouv\u00e9 un accord, \u00e0 savoir que Benayada ram\u00e8ne le document prouvant l\u2019offre du club fran\u00e7ais de Ligue deux ou le club portugais pour r\u00e9cup\u00e9rer sa lettre de lib\u00e9ration. Sa\u00efd Naouri a expliqu\u00e9 au joueur qu\u2019il ne va pas le bloquer dans le cas o\u00f9 il recevrait un \u00e9crit. Ce que le joueur a accept\u00e9, en demandant un d\u00e9lai d\u2019une semaine pour avoir ce fameux s\u00e9same. Le DG veut tout d\u2019abord s\u2019assurer les services d\u2019un rempla\u00e7ant \u00e0 Benayada et il y a eu une proposition pour Helaimia, mais aux derni\u00e8res nouvelles, ce joueur est sur le point de s\u2019engager avec un club belge.<\/p>\n<p><strong>Benayada : \u00abLe DG s\u2019est montr\u00e9 compr\u00e9hensif\u00bb<\/strong><br \/>Hocine Benayad remercie le directeur g\u00e9n\u00e9ral Sa\u00efd Naouri pour sa compr\u00e9hension de lui permettre de jouer en Europe d\u00e8s la saison prochaine en rassurant : \u00abJ\u2019ai discut\u00e9 avec Naouri qui s\u2019est montr\u00e9 compr\u00e9hensif. Je lui a ai promis de ramener un \u00e9crit prouvant l\u2019offre du club europ\u00e9en solliciteur dans les plus brefs d\u00e9lais, pour me faciliter mon d\u00e9part vers l\u2019\u00e9tranger. J\u2019ai discut\u00e9 avec Naouri au t\u00e9l\u00e9phone pendant plus d\u2019une heure et je lui ai expliqu\u00e9 les raisons qui m\u2019ont pouss\u00e9 \u00e0 vouloir jouer en Europe. Ce sera b\u00e9n\u00e9fique pour moi et pour le CSC. Je vais ramener le document prouvant le contact avec un club europ\u00e9en, pour prouver ma bonne foi de ne pas quitter le CSC pour un autre club en Alg\u00e9rie, mais pour jouer en Europe.\u00bb<\/p>\n<p>Naouri promet de faciliter le d\u00e9part \u00e0 Benayada<\/p>\n<p>\u00a0<\/p>\n<p><strong>Publi\u00e9 dans :<\/strong> <span>csc<\/span> <span>Belameiri<\/span> <span>Belkacemi<\/span><\/p>\n<\/div>\n<p>Auteur:<br \/>\n<a href=\"http:\/\/www.lebuteur.com\/article\/detail?titre=csc-belameiri-de-retour&#038;id=89507&#038;utm_source=feedburner&#038;utm_medium=feed&#038;utm_campaign=Feed%3A+GalerieFArtciles+%28Les+derniers+articles++-+lebuteur.com%29\">Cliquez ici pour lire l&rsquo;article depuis sa source.<\/a><\/p>\n","protected":false},"excerpt":{"rendered":"<p>Auteur : H.S., Samir K. mercredi 12 juin 2019 13:37 El Hadi Belameiri qui a laiss\u00e9 une bonne impression aupr\u00e8s des Sanafir, et qui a \u00e9volu\u00e9 la saison pass\u00e9e dans le championnat chypriote, est sur le point de conclure son retour au CSC. Aux derni\u00e8res nouvelles, l\u2019attaquant auteur de 10 buts la saison pass\u00e9e avec [&hellip;]<\/p>\n","protected":false},"author":1738,"featured_media":40189,"comment_status":"closed","ping_status":"closed","sticky":false,"template":"","format":"standard","meta":{"fifu_image_url":"","fifu_image_alt":"","footnotes":""},"categories":[53,75],"tags":[],"class_list":["post-40188","post","type-post","status-publish","format-standard","has-post-thumbnail","hentry","category-algerie","category-sport"],"_links":{"self":[{"href":"https:\/\/linitiative.ca\/International\/wp-json\/wp\/v2\/posts\/40188","targetHints":{"allow":["GET"]}}],"collection":[{"href":"https:\/\/linitiative.ca\/International\/wp-json\/wp\/v2\/posts"}],"about":[{"href":"https:\/\/linitiative.ca\/International\/wp-json\/wp\/v2\/types\/post"}],"author":[{"embeddable":true,"href":"https:\/\/linitiative.ca\/International\/wp-json\/wp\/v2\/users\/1738"}],"replies":[{"embeddable":true,"href":"https:\/\/linitiative.ca\/International\/wp-json\/wp\/v2\/comments?post=40188"}],"version-history":[{"count":0,"href":"https:\/\/linitiative.ca\/International\/wp-json\/wp\/v2\/posts\/40188\/revisions"}],"wp:featuredmedia":[{"embeddable":true,"href":"https:\/\/linitiative.ca\/International\/wp-json\/"}],"wp:attachment":[{"href":"https:\/\/linitiative.ca\/International\/wp-json\/wp\/v2\/media?parent=40188"}],"wp:term":[{"taxonomy":"category","embeddable":true,"href":"https:\/\/linitiative.ca\/International\/wp-json\/wp\/v2\/categories?post=40188"},{"taxonomy":"post_tag","embeddable":true,"href":"https:\/\/linitiative.ca\/International\/wp-json\/wp\/v2\/tags?post=40188"}],"curies":[{"name":"wp","href":"https:\/\/api.w.org\/{rel}","templated":true}]}}