{"id":40190,"date":"2019-06-12T15:14:03","date_gmt":"2019-06-12T19:14:03","guid":{"rendered":"https:\/\/linitiative.ca\/International\/ligue-1-2-jsk-bensayeh-confirme-le-contact-de-la-jsk\/"},"modified":"2019-06-12T15:14:03","modified_gmt":"2019-06-12T19:14:03","slug":"ligue-1-2-jsk-bensayeh-confirme-le-contact-de-la-jsk","status":"publish","type":"post","link":"https:\/\/linitiative.ca\/International\/ligue-1-2-jsk-bensayeh-confirme-le-contact-de-la-jsk\/","title":{"rendered":"Ligue 1 &amp; 2 : JSK : Bensayeh confirme le contact de la JSK"},"content":{"rendered":"<div readability=\"32\">\n<p>Auteur : <span>L. A.<\/span> <span class=\"time\">mercredi 12 juin 2019 13:37<\/span><\/p>\n<\/div>\n<div id=\"post_core\" readability=\"81\">\n<p>Depuis le retour du pr\u00e9sident Cherif Mellal de l\u2019\u00e9tranger, la cellule de recrutement est pass\u00e9e \u00e0 la vitesse sup\u00e9rieure concernant le traitement des dossiers des joueurs contact\u00e9s et avec lesquels les n\u00e9gociations ont tr\u00e8s bien avanc\u00e9. Pour l\u2019heure, le club kabyle a finalis\u00e9 avec deux \u00e9l\u00e9ments dont un a \u00e9t\u00e9 pr\u00e9sent\u00e9 officiellement, Fay\u00e7al Addadi, de l\u2019O. M\u00e9d\u00e9a. L\u2019attaquant Banouh \u00e9galement signataire d\u2019un contrat \u00e0 la JSK sera pr\u00e9sent\u00e9 \u00e0 son retour de l\u2019\u00e9tranger o\u00f9 il passe des vacances. D\u2019autres \u00e9l\u00e9ments sont cibl\u00e9s et en n\u00e9gociations avec le club kabyle. Parmi eux, l\u2019ailier gauche et l\u2019attaquant de la JSMB, R\u00e9dha Bensayeh que les dirigeants ont relanc\u00e9 cet \u00e9t\u00e9 pour rejoindre les Canaris. Ainsi, dans notre \u00e9dition d\u2019hier, on a annonc\u00e9 que le joueur a \u00e9t\u00e9 contact\u00e9 et entam\u00e9 les n\u00e9gociations avec les membres de la cellule de communication. C\u2019est ce qu\u2019a d\u2019ailleurs confirm\u00e9 le concern\u00e9 en affirmant que c\u2019est en bonne voie et ne devrait pas tarder \u00e0 finaliser. L\u2019int\u00e9r\u00eat de la JSK l\u2019honore, comme il l\u2019a si bien dit \u00e0 ses proches, et fait tout pour concr\u00e9tiser sa venue cet \u00e9t\u00e9.<\/p>\n<p><strong>Il y a deux ans, il voulait venir<\/strong><br \/>La venue de l\u2019attaquant Bensayeh est en bonne voie, avons-nous appris dans l\u2019apr\u00e8s-midi d\u2019hier. Le joueur avait m\u00eame pr\u00e9vu un rendez-vous avec un membre de la cellule de recrutement pour finaliser certains d\u00e9tails. On croit savoir qu\u2019un accord aurait \u00e9t\u00e9 trouv\u00e9 sur l\u2019essentiel du contrat, y compris l\u2019aspect financier. L\u2019offre des Canaris l\u2019enchante. Hier, Bensayeh devait confirmer avec les membres de la cellule de recrutement et s\u2019entendre sur la date de sa venue \u00e0 Tizi pour officialiser.<\/p>\n<p><strong>La LDC, un challenge qui lui tient \u00e0 c\u0153ur<\/strong><br \/>Pour un jeune footballeur comme Bensayeh, le c\u00f4t\u00e9 financier ne p\u00e8se pas vraiment dans ses choix. En effet, le joueur de la JSMB, qui souhaite donner une autre dimension \u00e0 sa jeune carri\u00e8re, aimerait disputer la plus prestigieuse Coupe d\u2019Afrique. Le contact du club kabyle tombe au bon moment, a-t-il expliqu\u00e9 \u00e0 son entourage et devrait saisir cette opportunit\u00e9. \u00a0<\/p>\n<p><strong>D\u2019autres clubs sont rentr\u00e9s en course<\/strong><br \/>Ainsi, d\u2019autres clubs de l\u2019\u00e9lite s\u2019int\u00e9ressent au pensionnaire de la JSMB, Bensayeh. Ce dernier, en fin de contrat, int\u00e9resse d\u2019autres formations de la Ligue 1 mobilis, la JSS, le CRB et l\u2019ESS. Les dirigeants de ces clubs sont rentr\u00e9s en contact avec l\u2019agent du joueur en faisant tout pour s\u2019offrir ses services la prochaine saison. Le joueur se dit tr\u00e8s int\u00e9ress\u00e9 par la JSK, qui jouera surtout sur plusieurs fronts, entre autres la Coupe d\u2019Afrique. Selon une source fiable, le club du Djurdjura aurait tout conclu avec ce joueur et son engagement devient est imminent.<br \/>\u00a0<\/p>\n<p><strong>Publi\u00e9 dans :<\/strong> <span>JSK<\/span> <span>Mellal<\/span> <span>Bensayeh<\/span><\/p>\n<\/div>\n<p>Auteur:<br \/>\n<a href=\"http:\/\/www.lebuteur.com\/article\/detail?titre=jsk-bensayeh-confirme-le-contact-de-la-jsk&#038;id=89506&#038;utm_source=feedburner&#038;utm_medium=feed&#038;utm_campaign=Feed%3A+GalerieFArtciles+%28Les+derniers+articles++-+lebuteur.com%29\">Cliquez ici pour lire l&rsquo;article depuis sa source.<\/a><\/p>\n","protected":false},"excerpt":{"rendered":"<p>Auteur : L. A. mercredi 12 juin 2019 13:37 Depuis le retour du pr\u00e9sident Cherif Mellal de l\u2019\u00e9tranger, la cellule de recrutement est pass\u00e9e \u00e0 la vitesse sup\u00e9rieure concernant le traitement des dossiers des joueurs contact\u00e9s et avec lesquels les n\u00e9gociations ont tr\u00e8s bien avanc\u00e9. Pour l\u2019heure, le club kabyle a finalis\u00e9 avec deux \u00e9l\u00e9ments [&hellip;]<\/p>\n","protected":false},"author":1738,"featured_media":40191,"comment_status":"closed","ping_status":"closed","sticky":false,"template":"","format":"standard","meta":{"fifu_image_url":"","fifu_image_alt":"","footnotes":""},"categories":[53,75],"tags":[],"class_list":["post-40190","post","type-post","status-publish","format-standard","has-post-thumbnail","hentry","category-algerie","category-sport"],"_links":{"self":[{"href":"https:\/\/linitiative.ca\/International\/wp-json\/wp\/v2\/posts\/40190","targetHints":{"allow":["GET"]}}],"collection":[{"href":"https:\/\/linitiative.ca\/International\/wp-json\/wp\/v2\/posts"}],"about":[{"href":"https:\/\/linitiative.ca\/International\/wp-json\/wp\/v2\/types\/post"}],"author":[{"embeddable":true,"href":"https:\/\/linitiative.ca\/International\/wp-json\/wp\/v2\/users\/1738"}],"replies":[{"embeddable":true,"href":"https:\/\/linitiative.ca\/International\/wp-json\/wp\/v2\/comments?post=40190"}],"version-history":[{"count":0,"href":"https:\/\/linitiative.ca\/International\/wp-json\/wp\/v2\/posts\/40190\/revisions"}],"wp:featuredmedia":[{"embeddable":true,"href":"https:\/\/linitiative.ca\/International\/wp-json\/"}],"wp:attachment":[{"href":"https:\/\/linitiative.ca\/International\/wp-json\/wp\/v2\/media?parent=40190"}],"wp:term":[{"taxonomy":"category","embeddable":true,"href":"https:\/\/linitiative.ca\/International\/wp-json\/wp\/v2\/categories?post=40190"},{"taxonomy":"post_tag","embeddable":true,"href":"https:\/\/linitiative.ca\/International\/wp-json\/wp\/v2\/tags?post=40190"}],"curies":[{"name":"wp","href":"https:\/\/api.w.org\/{rel}","templated":true}]}}