{"id":40192,"date":"2019-06-12T15:14:04","date_gmt":"2019-06-12T19:14:04","guid":{"rendered":"https:\/\/linitiative.ca\/International\/equipe-dalgerie-mahrez-confirme-comme-capitaine\/"},"modified":"2019-06-12T15:14:04","modified_gmt":"2019-06-12T19:14:04","slug":"equipe-dalgerie-mahrez-confirme-comme-capitaine","status":"publish","type":"post","link":"https:\/\/linitiative.ca\/International\/equipe-dalgerie-mahrez-confirme-comme-capitaine\/","title":{"rendered":"Equipe d&rsquo;Alg\u00e9rie : Mahrez confirm\u00e9 comme capitaine !"},"content":{"rendered":"<div readability=\"32\">\n<p>Auteur : <span>Moumen A.<\/span> <span class=\"time\">mercredi 12 juin 2019 14:16<\/span><\/p>\n<\/div>\n<div id=\"post_core\" readability=\"47\">\n<p>Comme nous l\u2019avions anticip\u00e9 sur ces colonnes il y a de cela plusieurs jours, l\u2019attaquant international alg\u00e9rien de Manchester City, Riyad Mahrez a \u00e9t\u00e9 d\u00e9sign\u00e9 capitaine d\u2019\u00e9quipe des Verts pour cette compagne africaine qui commencera pour la s\u00e9lection \u00a0le 23 juin prochain au Caire par une empoignade difficile contre le Kenya. C\u2019\u00e9tait \u00a0 donc le joueur des Citizens qui a port\u00e9\u00a0 le brassard de capitaine hier lors du match amical jou\u00e9 contre le Burundi. Un choix que Belmadi a certainement bien \u00e9tudi\u00e9 pour des raisons purement sportives et techniques.<\/p>\n<p><strong>Il veut et il doit assumer ses responsabilit\u00e9s<\/strong><\/p>\n<p>Tr\u00e8s attendu lors de cette prochaine Coupe d\u2019Afrique des nations pr\u00e9vue en Egypte du 21 juin au 19 juillet\u00a0 2019, Riyad Mahrez veut absolument assumer ses responsabilit\u00e9s pour offrir \u00e0 l\u2019Alg\u00e9rie un second sacre africain. Mahrez est aussi tenu d\u2019assumer son statut de leader technique de cette \u00e9quipe nationale durant la CAN 2019. Le s\u00e9lectionneur national veut aussi par ce choix responsabiliser\u00a0\u00a0l\u2019un de ses meilleurs joueurs et le pousser \u00e0 tout donner dans cette CAN. Riyad ne se d\u00e9robe pas et promet de se surpasser pour porter ses camarades vers un sacre attendu depuis 29 ans.<\/p>\n<p><strong>Moumen A.<\/strong><\/p>\n<p><strong>Publi\u00e9 dans :<\/strong> <span>Belmadi<\/span> <span>Mahrez<\/span><\/p>\n<\/div>\n<p>Auteur:<br \/>\n<a href=\"http:\/\/www.lebuteur.com\/article\/detail?titre=mahrez-confirme-comme-capitaine&#038;id=89524&#038;utm_source=feedburner&#038;utm_medium=feed&#038;utm_campaign=Feed%3A+GalerieFArtciles+%28Les+derniers+articles++-+lebuteur.com%29\">Cliquez ici pour lire l&rsquo;article depuis sa source.<\/a><\/p>\n","protected":false},"excerpt":{"rendered":"<p>Auteur : Moumen A. mercredi 12 juin 2019 14:16 Comme nous l\u2019avions anticip\u00e9 sur ces colonnes il y a de cela plusieurs jours, l\u2019attaquant international alg\u00e9rien de Manchester City, Riyad Mahrez a \u00e9t\u00e9 d\u00e9sign\u00e9 capitaine d\u2019\u00e9quipe des Verts pour cette compagne africaine qui commencera pour la s\u00e9lection \u00a0le 23 juin prochain au Caire par une [&hellip;]<\/p>\n","protected":false},"author":1738,"featured_media":40193,"comment_status":"closed","ping_status":"closed","sticky":false,"template":"","format":"standard","meta":{"fifu_image_url":"","fifu_image_alt":"","footnotes":""},"categories":[53,75],"tags":[],"class_list":["post-40192","post","type-post","status-publish","format-standard","has-post-thumbnail","hentry","category-algerie","category-sport"],"_links":{"self":[{"href":"https:\/\/linitiative.ca\/International\/wp-json\/wp\/v2\/posts\/40192","targetHints":{"allow":["GET"]}}],"collection":[{"href":"https:\/\/linitiative.ca\/International\/wp-json\/wp\/v2\/posts"}],"about":[{"href":"https:\/\/linitiative.ca\/International\/wp-json\/wp\/v2\/types\/post"}],"author":[{"embeddable":true,"href":"https:\/\/linitiative.ca\/International\/wp-json\/wp\/v2\/users\/1738"}],"replies":[{"embeddable":true,"href":"https:\/\/linitiative.ca\/International\/wp-json\/wp\/v2\/comments?post=40192"}],"version-history":[{"count":0,"href":"https:\/\/linitiative.ca\/International\/wp-json\/wp\/v2\/posts\/40192\/revisions"}],"wp:featuredmedia":[{"embeddable":true,"href":"https:\/\/linitiative.ca\/International\/wp-json\/"}],"wp:attachment":[{"href":"https:\/\/linitiative.ca\/International\/wp-json\/wp\/v2\/media?parent=40192"}],"wp:term":[{"taxonomy":"category","embeddable":true,"href":"https:\/\/linitiative.ca\/International\/wp-json\/wp\/v2\/categories?post=40192"},{"taxonomy":"post_tag","embeddable":true,"href":"https:\/\/linitiative.ca\/International\/wp-json\/wp\/v2\/tags?post=40192"}],"curies":[{"name":"wp","href":"https:\/\/api.w.org\/{rel}","templated":true}]}}