{"id":40194,"date":"2019-06-12T15:14:09","date_gmt":"2019-06-12T19:14:09","guid":{"rendered":"https:\/\/linitiative.ca\/International\/equipe-dalgerie-entree-reussie-de-bennacer-et-ounas\/"},"modified":"2019-06-12T15:14:09","modified_gmt":"2019-06-12T19:14:09","slug":"equipe-dalgerie-entree-reussie-de-bennacer-et-ounas","status":"publish","type":"post","link":"https:\/\/linitiative.ca\/International\/equipe-dalgerie-entree-reussie-de-bennacer-et-ounas\/","title":{"rendered":"Equipe d&rsquo;Alg\u00e9rie : Entr\u00e9e r\u00e9ussie de Bennacer et Ounas"},"content":{"rendered":"<div readability=\"32\">\n<p>Auteur : <span>Moumen A.<\/span> <span class=\"time\">mercredi 12 juin 2019 14:21<\/span><\/p>\n<\/div>\n<div id=\"post_core\" readability=\"49\">\n<p>Laiss\u00e9s sur le banc de touche pour ce match amical de pr\u00e9paration disput\u00e9 hier soir face au Burundi, les deux jeunes internationaux alg\u00e9riens Adam Ounas et Ismael Bennacer ont effectu\u00e9 leur entr\u00e9e en jeu en milieu de seconde p\u00e9riode. Bennacer en v\u00e9ritable stabilisateur a montr\u00e9 plus\u00a0 d\u2019efficacit\u00e9 et d\u2019assurance\u00a0 dans l\u2019animation du milieu de terrain de l\u2019EN. Ounas quant \u00e0 lui a tent\u00e9 de d\u00e9stabiliser souvent avec succ\u00e8s le bloc tr\u00e8s bien organis\u00e9 des burundais.<\/p>\n<p><strong>Ils marquent encore des points<\/strong><\/p>\n<p>L&rsquo;attaquant de Naples SSC Adam Ounas\u00a0et son camarade Ismael Bennacer qui \u00e9volue\u00a0\u00e0 Empoli en Italie, peuvent s\u2019av\u00e9rer de s\u00e9rieux concurrents et pr\u00e9tendre \u00e0 une place de titulaire lors de la prochaine CAN 2019. Bennacer tr\u00e8s technique et rapide en relance, peut facilement compenser son gabarit et organiser le jeu des Verts de mani\u00e8re remarquable. Ounas par ses dribles d\u00e9routants et ses coups de reins, \u00a0peut d\u00e9stabiliser n\u2019importe quelle d\u00e9fense africaine. En somme, les deux jeunes et prometteurs \u00a0alg\u00e9riens ont marqu\u00e9 encore marqu\u00e9 des points.<\/p>\n<p><strong>Moumen A.\u00a0<\/strong><\/p>\n<p><strong>Publi\u00e9 dans :<\/strong> <span>Adam Ounas<\/span> <span>BENNACER<\/span><\/p>\n<\/div>\n<p>Auteur:<br \/>\n<a href=\"http:\/\/www.lebuteur.com\/article\/detail?titre=entree-reussie-de-bennacer-et-ounas&#038;id=89525&#038;utm_source=feedburner&#038;utm_medium=feed&#038;utm_campaign=Feed%3A+GalerieFArtciles+%28Les+derniers+articles++-+lebuteur.com%29\">Cliquez ici pour lire l&rsquo;article depuis sa source.<\/a><\/p>\n","protected":false},"excerpt":{"rendered":"<p>Auteur : Moumen A. mercredi 12 juin 2019 14:21 Laiss\u00e9s sur le banc de touche pour ce match amical de pr\u00e9paration disput\u00e9 hier soir face au Burundi, les deux jeunes internationaux alg\u00e9riens Adam Ounas et Ismael Bennacer ont effectu\u00e9 leur entr\u00e9e en jeu en milieu de seconde p\u00e9riode. Bennacer en v\u00e9ritable stabilisateur a montr\u00e9 plus\u00a0 [&hellip;]<\/p>\n","protected":false},"author":1738,"featured_media":40195,"comment_status":"closed","ping_status":"closed","sticky":false,"template":"","format":"standard","meta":{"fifu_image_url":"","fifu_image_alt":"","footnotes":""},"categories":[53,75],"tags":[],"class_list":["post-40194","post","type-post","status-publish","format-standard","has-post-thumbnail","hentry","category-algerie","category-sport"],"_links":{"self":[{"href":"https:\/\/linitiative.ca\/International\/wp-json\/wp\/v2\/posts\/40194","targetHints":{"allow":["GET"]}}],"collection":[{"href":"https:\/\/linitiative.ca\/International\/wp-json\/wp\/v2\/posts"}],"about":[{"href":"https:\/\/linitiative.ca\/International\/wp-json\/wp\/v2\/types\/post"}],"author":[{"embeddable":true,"href":"https:\/\/linitiative.ca\/International\/wp-json\/wp\/v2\/users\/1738"}],"replies":[{"embeddable":true,"href":"https:\/\/linitiative.ca\/International\/wp-json\/wp\/v2\/comments?post=40194"}],"version-history":[{"count":0,"href":"https:\/\/linitiative.ca\/International\/wp-json\/wp\/v2\/posts\/40194\/revisions"}],"wp:featuredmedia":[{"embeddable":true,"href":"https:\/\/linitiative.ca\/International\/wp-json\/"}],"wp:attachment":[{"href":"https:\/\/linitiative.ca\/International\/wp-json\/wp\/v2\/media?parent=40194"}],"wp:term":[{"taxonomy":"category","embeddable":true,"href":"https:\/\/linitiative.ca\/International\/wp-json\/wp\/v2\/categories?post=40194"},{"taxonomy":"post_tag","embeddable":true,"href":"https:\/\/linitiative.ca\/International\/wp-json\/wp\/v2\/tags?post=40194"}],"curies":[{"name":"wp","href":"https:\/\/api.w.org\/{rel}","templated":true}]}}