{"id":40196,"date":"2019-06-12T15:14:10","date_gmt":"2019-06-12T19:14:10","guid":{"rendered":"https:\/\/linitiative.ca\/International\/equipe-dalgerie-en-les-excuses-de-belkebla\/"},"modified":"2019-06-12T15:14:10","modified_gmt":"2019-06-12T19:14:10","slug":"equipe-dalgerie-en-les-excuses-de-belkebla","status":"publish","type":"post","link":"https:\/\/linitiative.ca\/International\/equipe-dalgerie-en-les-excuses-de-belkebla\/","title":{"rendered":"Equipe d&rsquo;Alg\u00e9rie : EN: Les excuses de Belkebla"},"content":{"rendered":"<div readability=\"32\">\n<p>Auteur : <span class=\"time\">mercredi 12 juin 2019 15:27<\/span><\/p>\n<\/div>\n<div id=\"post_core\" readability=\"36\">\n<p>Exclu du groupe par Djamel Belmadi suite\u00a0 la vid\u00e9o pol\u00e9mique diffus\u00e9e et relay\u00e9e sur les r\u00e9seaux sociaux, le joueur milieu de terrain des Verts, Harris Belkebla a pr\u00e9sent\u00e9 ses excuses au peuple Alg\u00e9rien.<\/p>\n<p><img decoding=\"async\" alt=\"\" src=\"https:\/\/scontent-mrs2-1.xx.fbcdn.net\/v\/t1.0-9\/62306028_2353309314705434_9001663565882458112_n.jpg?_nc_cat=105&#038;_nc_ht=scontent-mrs2-1.xx&#038;oh=b3ad0bb499a23e7acc3ebb9494bf3483&#038;oe=5D9A2359\" class=\"c1\"\/><\/p>\n<p><strong>Publi\u00e9 dans :<\/strong> <span>Belkebla<\/span><\/p>\n<\/div>\n<p>Auteur:<br \/>\n<a href=\"http:\/\/www.lebuteur.com\/article\/detail?titre=en-les-excuses-de-belkebla&#038;id=89526&#038;utm_source=feedburner&#038;utm_medium=feed&#038;utm_campaign=Feed%3A+GalerieFArtciles+%28Les+derniers+articles++-+lebuteur.com%29\">Cliquez ici pour lire l&rsquo;article depuis sa source.<\/a><\/p>\n","protected":false},"excerpt":{"rendered":"<p>Auteur : mercredi 12 juin 2019 15:27 Exclu du groupe par Djamel Belmadi suite\u00a0 la vid\u00e9o pol\u00e9mique diffus\u00e9e et relay\u00e9e sur les r\u00e9seaux sociaux, le joueur milieu de terrain des Verts, Harris Belkebla a pr\u00e9sent\u00e9 ses excuses au peuple Alg\u00e9rien. Publi\u00e9 dans : Belkebla Auteur: Cliquez ici pour lire l&rsquo;article depuis sa source.<\/p>\n","protected":false},"author":1738,"featured_media":0,"comment_status":"closed","ping_status":"closed","sticky":false,"template":"","format":"standard","meta":{"fifu_image_url":"","fifu_image_alt":"","footnotes":""},"categories":[53,75],"tags":[],"class_list":["post-40196","post","type-post","status-publish","format-standard","hentry","category-algerie","category-sport"],"_links":{"self":[{"href":"https:\/\/linitiative.ca\/International\/wp-json\/wp\/v2\/posts\/40196","targetHints":{"allow":["GET"]}}],"collection":[{"href":"https:\/\/linitiative.ca\/International\/wp-json\/wp\/v2\/posts"}],"about":[{"href":"https:\/\/linitiative.ca\/International\/wp-json\/wp\/v2\/types\/post"}],"author":[{"embeddable":true,"href":"https:\/\/linitiative.ca\/International\/wp-json\/wp\/v2\/users\/1738"}],"replies":[{"embeddable":true,"href":"https:\/\/linitiative.ca\/International\/wp-json\/wp\/v2\/comments?post=40196"}],"version-history":[{"count":0,"href":"https:\/\/linitiative.ca\/International\/wp-json\/wp\/v2\/posts\/40196\/revisions"}],"wp:attachment":[{"href":"https:\/\/linitiative.ca\/International\/wp-json\/wp\/v2\/media?parent=40196"}],"wp:term":[{"taxonomy":"category","embeddable":true,"href":"https:\/\/linitiative.ca\/International\/wp-json\/wp\/v2\/categories?post=40196"},{"taxonomy":"post_tag","embeddable":true,"href":"https:\/\/linitiative.ca\/International\/wp-json\/wp\/v2\/tags?post=40196"}],"curies":[{"name":"wp","href":"https:\/\/api.w.org\/{rel}","templated":true}]}}