{"id":40199,"date":"2019-06-11T19:00:00","date_gmt":"2019-06-11T23:00:00","guid":{"rendered":"https:\/\/linitiative.ca\/International\/m-belahcel-ffs-inclure-toutes-les-obediences-politiques-et-sociales\/"},"modified":"2019-06-11T19:00:00","modified_gmt":"2019-06-11T23:00:00","slug":"m-belahcel-ffs-inclure-toutes-les-obediences-politiques-et-sociales","status":"publish","type":"post","link":"https:\/\/linitiative.ca\/International\/m-belahcel-ffs-inclure-toutes-les-obediences-politiques-et-sociales\/","title":{"rendered":"M. Belahcel ( ffs) : Inclure toutes les ob\u00e9diences politiques et sociales"},"content":{"rendered":"<p>Le Front des forces socialistes (FFS) a r\u00e9it\u00e9r\u00e9, par la voix de son Secr\u00e9taire national, Hakim Belahcel, son appel \u00e0 un dialogue inclusif incluant toutes les ob\u00e9diences politiques et sociales pour trouver une solution \u00e0 la crise que traverse le pays, insistant sur l&rsquo;importance d&rsquo;\u00abune p\u00e9riode de transition\u00bb.<br \/>Dans un entretien accord\u00e9 au journal El Khabar dans son num\u00e9ro paru hier, M. Belahcel a appel\u00e9 \u00e0 \u00abun dialogue inclusif et inconditionnel incluant toutes les ob\u00e9diences politiques et sociales\u00bb, pr\u00e9cisant que ce dialogue \u00abdoit \u00eatre accompagn\u00e9 d&rsquo;une volont\u00e9 politique aux contours clairs, englobant des mesures urgentes de d\u00e9tente et d&rsquo;apaisement, \u00e0 l&rsquo;instar de la lib\u00e9ration de tous les d\u00e9tenus d&rsquo;opinion, de l&rsquo;ouverture des champs politique et m\u00e9diatique, de la garantie du droit de manifester et de la lev\u00e9e des restrictions judiciaires et s\u00e9curitaires exerc\u00e9es \u00e0 l&rsquo;encontre des militants politiques et des acteurs sociaux\u00bb. Le FFS a propos\u00e9 plusieurs initiatives politiques de sortie de crise, \u00e0 travers \u00abune p\u00e9riode de transition et l&rsquo;\u00e9lection d&rsquo;une assembl\u00e9e constituante souveraine \u00e0 m\u00eame de pr\u00e9parer l&rsquo;av\u00e8nement d&rsquo;une deuxi\u00e8me R\u00e9publique\u00bb, mettant l&rsquo;accent sur la n\u00e9cessit\u00e9 de trouver \u00abdes solutions consensuelles\u00bb.<br \/>\u00a0Commentant les revendications de certaines parties politiques et personnalit\u00e9s pour instaurer le dialogue avec l&rsquo;institution militaire, M. Belahcel a dit que son parti \u00abappelle le commandement de l&rsquo;Arm\u00e9e \u00e0 accompagner et \u00e0 garantir le bon d\u00e9roulement du processus de transition d\u00e9mocratique du pays, sans participer ou influencer son d\u00e9roulement ou ses r\u00e9sultats\u00bb.<br \/>\u00a0Il a r\u00e9v\u00e9l\u00e9 que sa formation \u00abveut proposer le principe d&rsquo;une conf\u00e9rence nationale de concertation, sans aucune condition\u00bb, une conf\u00e9rence qui r\u00e9unirait tous les acteurs politiques et sociaux, les personnalit\u00e9s nationales ind\u00e9pendantes et les repr\u00e9sentants du Hirak populaire pour d\u00e9finir \u00ables contours d&rsquo;une charte politique consensuelle en tant que premier pas dans le processus de transition d\u00e9mocratique\u00bb, appelant les partis de l&rsquo;opposition, les organisations \u00e0 caract\u00e8re social ainsi que les personnalit\u00e9s ind\u00e9pendantes \u00e0 intensifier les concertations bilat\u00e9rales pour organiser, sans condition aucune, \u00abune conf\u00e9rence nationale de concertation dans les plus brefs d\u00e9lais\u00bb.<br \/>Appelant \u00e0 \u00abfaire face \u00e0 toute campagne tendancieuse ciblant la coh\u00e9sion et l&rsquo;unit\u00e9 territoriale du peuple alg\u00e9rien\u00bb, M. Belahcel a d\u00e9clar\u00e9 qu\u2019\u00abil ne faut pas utiliser les dispositifs s\u00e9curitaire et judiciaire pour proc\u00e9der aux r\u00e8glements de comptes (&#8230;) Il faut plut\u00f4t consacrer l&rsquo;Etat de droit \u00e0 m\u00eame de garantir l&rsquo;ind\u00e9pendance de la justice et l&rsquo;application des lois \u00e0 tous, dans le cadre du respect des droits de l&rsquo;Homme\u00bb.<br \/>\u00a0<\/p>\n<p>Auteur: elmoudjahid<br \/>\n<a href=\"http:\/\/www.elmoudjahid.com\/fr\/actualites\/137993\">Cliquez ici pour lire l&rsquo;article depuis sa source.<\/a><\/p>\n","protected":false},"excerpt":{"rendered":"<p>Le Front des forces socialistes (FFS) a r\u00e9it\u00e9r\u00e9, par la voix de son Secr\u00e9taire national, Hakim Belahcel, son appel \u00e0 un dialogue inclusif incluant toutes les ob\u00e9diences politiques et sociales pour trouver une solution \u00e0 la crise que traverse le pays, insistant sur l&rsquo;importance d&rsquo;\u00abune p\u00e9riode de transition\u00bb.Dans un entretien accord\u00e9 au journal El Khabar [&hellip;]<\/p>\n","protected":false},"author":1744,"featured_media":0,"comment_status":"closed","ping_status":"closed","sticky":false,"template":"","format":"standard","meta":{"fifu_image_url":"","fifu_image_alt":"","footnotes":""},"categories":[73,53],"tags":[],"class_list":["post-40199","post","type-post","status-publish","format-standard","hentry","category-actualite","category-algerie"],"_links":{"self":[{"href":"https:\/\/linitiative.ca\/International\/wp-json\/wp\/v2\/posts\/40199","targetHints":{"allow":["GET"]}}],"collection":[{"href":"https:\/\/linitiative.ca\/International\/wp-json\/wp\/v2\/posts"}],"about":[{"href":"https:\/\/linitiative.ca\/International\/wp-json\/wp\/v2\/types\/post"}],"author":[{"embeddable":true,"href":"https:\/\/linitiative.ca\/International\/wp-json\/wp\/v2\/users\/1744"}],"replies":[{"embeddable":true,"href":"https:\/\/linitiative.ca\/International\/wp-json\/wp\/v2\/comments?post=40199"}],"version-history":[{"count":0,"href":"https:\/\/linitiative.ca\/International\/wp-json\/wp\/v2\/posts\/40199\/revisions"}],"wp:attachment":[{"href":"https:\/\/linitiative.ca\/International\/wp-json\/wp\/v2\/media?parent=40199"}],"wp:term":[{"taxonomy":"category","embeddable":true,"href":"https:\/\/linitiative.ca\/International\/wp-json\/wp\/v2\/categories?post=40199"},{"taxonomy":"post_tag","embeddable":true,"href":"https:\/\/linitiative.ca\/International\/wp-json\/wp\/v2\/tags?post=40199"}],"curies":[{"name":"wp","href":"https:\/\/api.w.org\/{rel}","templated":true}]}}