{"id":40200,"date":"2019-06-11T19:00:00","date_gmt":"2019-06-11T23:00:00","guid":{"rendered":"https:\/\/linitiative.ca\/International\/marche-des-etudiants-a-travers-le-pays-unite-nationale-et-justice-sociale\/"},"modified":"2019-06-11T19:00:00","modified_gmt":"2019-06-11T23:00:00","slug":"marche-des-etudiants-a-travers-le-pays-unite-nationale-et-justice-sociale","status":"publish","type":"post","link":"https:\/\/linitiative.ca\/International\/marche-des-etudiants-a-travers-le-pays-unite-nationale-et-justice-sociale\/","title":{"rendered":"Marche des \u00e9tudiants , \u00e0 travers le pays : unit\u00e9 nationale et justice sociale"},"content":{"rendered":"<p>Les \u00e9tudiants ont appel\u00e9, lors du 16e mardi cons\u00e9cutif de protestation en soutien au mouvement populaire du 22 f\u00e9vrier dernier, \u00e0 \u00e9tablir une bonne gouvernance, r\u00e9it\u00e9rant leur d\u00e9termination \u00e0 maintenir la mobilisation jusqu\u2019\u00e0 l\u2019aboutissement des revendications du peuple, ont constat\u00e9 des journalistes de l\u2019APS. Dans l\u2019Ouest du pays, les \u00e9tudiants de plusieurs facult\u00e9s, accompagn\u00e9s parfois de leurs enseignants, se sont rassembl\u00e9s pour exiger \u00able d\u00e9part des symboles du syst\u00e8me\u00bb, \u00abun changement profond du syst\u00e8me\u00bb et \u00abl\u2019organisation de l\u2019\u00e9lection pr\u00e9sidentielle pour sortir de l\u2019impasse\u00bb, mais aussi \u00abl\u2019\u00e9tablissement d\u2019un nouveau gouvernement sur une base d\u00e9mocratique solide\u00bb. Outre l\u2019embl\u00e8me national, les jeunes protestataires ont port\u00e9 \u00e0 Oran des banderoles et des \u00e9criteaux sur lesquels \u00e9taient inscrits divers slogans comme \u00abD\u00e9gage le syst\u00e8me\u00bb, \u00abOui \u00e0 l\u2019unit\u00e9 nationale\u00bb, \u00abLe pouvoir au peuple\u00bb, \u00abJustice sociale\u00bb et \u00abNon \u00e0 la r\u00e9pression\u00bb. A Mostaganem, des \u00e9tudiants et des enseignants se sont rassembl\u00e9s dans l\u2019enceinte de l\u2019universit\u00e9 Abdelhamid-Benbadis pour appuyer les revendications du Hirak populaire et r\u00e9affirmer l\u2019implication de la communaut\u00e9 universitaire dans toutes les questions touchant l\u2019avenir du pays, tandis qu\u2019\u00e0 Na\u00e2ma, un sit-in au niveau du centre universitaire de la ville a \u00e9t\u00e9 organis\u00e9 pour appeler \u00e0 la poursuite de la lutte anticorruption et au renforcement de l\u2019ind\u00e9pendance de la justice. Des marches pacifiques ont aussi \u00e9t\u00e9 organis\u00e9es dans le Centre du pays, notamment Tizi-Ouzou, Bouira et B\u00e9jaia, lors desquelles les manifestants ont exprim\u00e9, \u00e0 travers des slogans et des banderoles, tels que \u00abPas de dialogue avec le syst\u00e8me\u00bb, \u00abNi consultation ni dialogue. Partez, partez\u00bb, \u00abPour une R\u00e9publique garantissant la justice sociale\u00bb, leur d\u00e9termination \u00e0 maintenir la mobilisation jusqu\u2019\u00e0 l\u2019aboutissement de toutes leurs revendications \u00e0 travers l\u2019instauration d\u2019une deuxi\u00e8me R\u00e9publique. Les \u00e9tudiants des universit\u00e9s de l\u2019Est du pays ont \u00e9t\u00e9, eux aussi, pr\u00e9sents \u00e0 ce rendez-vous hebdomadaire. Ils ont appel\u00e9 au d\u00e9part des \u00ab trois B (Bensalah, Bedoui et Bouchareb)\u00bb et exig\u00e9 des comptes de \u00abtous les corrompus\u00bb. Les protestataires se sont dits, \u00e0 Constantine et S\u00e9tif, favorables \u00e0 une phase de transition, exprimant leur attachement aux caract\u00e8res r\u00e9publicain et civil de l\u2019Etat, et le refus \u00abdes restes du syst\u00e8me\u00bb. Les marches, qui se sont d\u00e9roul\u00e9es dans le calme et n\u2019ont connu aucun d\u00e9passement jusqu\u2019au dispersement des \u00e9tudiants au terme de leur mobilisation, ont connu dans plusieurs wilayas du pays une participation moins importante que celles observ\u00e9es depuis le d\u00e9but du mouvement estudiantin, expliqu\u00e9e par le d\u00e9but, dans certains \u00e9tablissements, des examens de fin d\u2019ann\u00e9e.<\/p>\n<p>Auteur: elmoudjahid<br \/>\n<a href=\"http:\/\/www.elmoudjahid.com\/fr\/actualites\/137994\">Cliquez ici pour lire l&rsquo;article depuis sa source.<\/a><\/p>\n","protected":false},"excerpt":{"rendered":"<p>Les \u00e9tudiants ont appel\u00e9, lors du 16e mardi cons\u00e9cutif de protestation en soutien au mouvement populaire du 22 f\u00e9vrier dernier, \u00e0 \u00e9tablir une bonne gouvernance, r\u00e9it\u00e9rant leur d\u00e9termination \u00e0 maintenir la mobilisation jusqu\u2019\u00e0 l\u2019aboutissement des revendications du peuple, ont constat\u00e9 des journalistes de l\u2019APS. Dans l\u2019Ouest du pays, les \u00e9tudiants de plusieurs facult\u00e9s, accompagn\u00e9s parfois [&hellip;]<\/p>\n","protected":false},"author":1744,"featured_media":0,"comment_status":"closed","ping_status":"closed","sticky":false,"template":"","format":"standard","meta":{"fifu_image_url":"","fifu_image_alt":"","footnotes":""},"categories":[73,53],"tags":[],"class_list":["post-40200","post","type-post","status-publish","format-standard","hentry","category-actualite","category-algerie"],"_links":{"self":[{"href":"https:\/\/linitiative.ca\/International\/wp-json\/wp\/v2\/posts\/40200","targetHints":{"allow":["GET"]}}],"collection":[{"href":"https:\/\/linitiative.ca\/International\/wp-json\/wp\/v2\/posts"}],"about":[{"href":"https:\/\/linitiative.ca\/International\/wp-json\/wp\/v2\/types\/post"}],"author":[{"embeddable":true,"href":"https:\/\/linitiative.ca\/International\/wp-json\/wp\/v2\/users\/1744"}],"replies":[{"embeddable":true,"href":"https:\/\/linitiative.ca\/International\/wp-json\/wp\/v2\/comments?post=40200"}],"version-history":[{"count":0,"href":"https:\/\/linitiative.ca\/International\/wp-json\/wp\/v2\/posts\/40200\/revisions"}],"wp:attachment":[{"href":"https:\/\/linitiative.ca\/International\/wp-json\/wp\/v2\/media?parent=40200"}],"wp:term":[{"taxonomy":"category","embeddable":true,"href":"https:\/\/linitiative.ca\/International\/wp-json\/wp\/v2\/categories?post=40200"},{"taxonomy":"post_tag","embeddable":true,"href":"https:\/\/linitiative.ca\/International\/wp-json\/wp\/v2\/tags?post=40200"}],"curies":[{"name":"wp","href":"https:\/\/api.w.org\/{rel}","templated":true}]}}