{"id":40202,"date":"2019-06-11T19:00:00","date_gmt":"2019-06-11T23:00:00","guid":{"rendered":"https:\/\/linitiative.ca\/International\/oran-la-souverainete-au-peuple\/"},"modified":"2019-06-11T19:00:00","modified_gmt":"2019-06-11T23:00:00","slug":"oran-la-souverainete-au-peuple","status":"publish","type":"post","link":"https:\/\/linitiative.ca\/International\/oran-la-souverainete-au-peuple\/","title":{"rendered":"Oran :  La souverainet\u00e9 au peuple"},"content":{"rendered":"<p>Les m\u00eames revendications et slogans brandis lors du dernier mardi de Ramadhan \u00e9taient de retour hier, lors de la manifestation des \u00e9tudiants \u00e0 Oran, \u00e0 laquelle ont particip\u00e9 plusieurs centaines d\u2019\u00e9tudiants des diff\u00e9rentes universit\u00e9s. Hier encore, ils ont r\u00e9clam\u00e9 le d\u00e9part du syst\u00e8me et la d\u00e9mission du gouvernement actuel et son remplacement par un cabinet de technocrates. Durant toute la marche qui a d\u00e9marr\u00e9, comme chaque mardi, \u00e0 la place du 1er-Novembre, les manifestants ont repris la majorit\u00e9 des slogans de la semaine derni\u00e8re et dans lesquels ils ont exprim\u00e9 leur attachement \u00e0 un \u00c9tat civil et ont rejet\u00e9 tout\u00a0 autre option et remettre en cause le projet d\u2019une r\u00e9publique d\u00e9mocratique bas\u00e9e sur les principes et les valeurs de la d\u00e9mocratie et de la justice sociale. Les manifestants ont fait savoir, par la m\u00eame occasion, que leur mouvement \u00e9tait solide et immunis\u00e9 contre les tentatives de diversion et de division. Sur les affiches et pancartes d\u00e9ploy\u00e9es, on pouvait, ainsi, lire \u00abNotre Hirak va se poursuivre jusqu\u2019\u00e0 ce que les revendications du peuple soient satisfaites\u00bb, \u00abUn gouvernement de transition dirig\u00e9 par une personnalit\u00e9 consensuelle\u00bb, \u00abLes grandes batailles ont besoin d\u2019un souffle long\u00bb ou bien encore \u00abNon au r\u00e9gionalisme, oui \u00e0 l\u2019unit\u00e9 nationale\u00bb et \u00abLa souverainet\u00e9 au peuple\u00bb. Pendant la marche d\u2019hier, les \u00e9tudiants ont scand\u00e9 des slogans hostiles \u00e0 certains responsables auxquels ils ne reconnaissaient aucune l\u00e9gitimit\u00e9, car, selon eux, celle-ci ne refl\u00e8te pas l\u2019esprit du Hirak ni la volont\u00e9 du peuple. Les manifestants sont revenus sur les propositions faites lors des pr\u00e9c\u00e9dentes en guise d\u2019une solution \u00e0 la crise politique. Ainsi, ils r\u00e9it\u00e8rent l\u2019appel \u00e0 une phase de transition qui comprend un gouvernement de comp\u00e9tences et une instance pr\u00e9sidentielle. La marche des \u00e9tudiants a emprunt\u00e9 l\u2019itin\u00e9raire habituel qui abouti au rond-point du si\u00e8ge de la wilaya en passant par les rues \u00c9mir-Abdelkader et Larbi-Ben-M\u2019hidi.<br \/>A. S.<\/p>\n<p>Auteur: elmoudjahid<br \/>\n<a href=\"http:\/\/www.elmoudjahid.com\/fr\/actualites\/137996\">Cliquez ici pour lire l&rsquo;article depuis sa source.<\/a><\/p>\n","protected":false},"excerpt":{"rendered":"<p>Les m\u00eames revendications et slogans brandis lors du dernier mardi de Ramadhan \u00e9taient de retour hier, lors de la manifestation des \u00e9tudiants \u00e0 Oran, \u00e0 laquelle ont particip\u00e9 plusieurs centaines d\u2019\u00e9tudiants des diff\u00e9rentes universit\u00e9s. Hier encore, ils ont r\u00e9clam\u00e9 le d\u00e9part du syst\u00e8me et la d\u00e9mission du gouvernement actuel et son remplacement par un cabinet [&hellip;]<\/p>\n","protected":false},"author":1744,"featured_media":0,"comment_status":"closed","ping_status":"closed","sticky":false,"template":"","format":"standard","meta":{"fifu_image_url":"","fifu_image_alt":"","footnotes":""},"categories":[73,53],"tags":[],"class_list":["post-40202","post","type-post","status-publish","format-standard","hentry","category-actualite","category-algerie"],"_links":{"self":[{"href":"https:\/\/linitiative.ca\/International\/wp-json\/wp\/v2\/posts\/40202","targetHints":{"allow":["GET"]}}],"collection":[{"href":"https:\/\/linitiative.ca\/International\/wp-json\/wp\/v2\/posts"}],"about":[{"href":"https:\/\/linitiative.ca\/International\/wp-json\/wp\/v2\/types\/post"}],"author":[{"embeddable":true,"href":"https:\/\/linitiative.ca\/International\/wp-json\/wp\/v2\/users\/1744"}],"replies":[{"embeddable":true,"href":"https:\/\/linitiative.ca\/International\/wp-json\/wp\/v2\/comments?post=40202"}],"version-history":[{"count":0,"href":"https:\/\/linitiative.ca\/International\/wp-json\/wp\/v2\/posts\/40202\/revisions"}],"wp:attachment":[{"href":"https:\/\/linitiative.ca\/International\/wp-json\/wp\/v2\/media?parent=40202"}],"wp:term":[{"taxonomy":"category","embeddable":true,"href":"https:\/\/linitiative.ca\/International\/wp-json\/wp\/v2\/categories?post=40202"},{"taxonomy":"post_tag","embeddable":true,"href":"https:\/\/linitiative.ca\/International\/wp-json\/wp\/v2\/tags?post=40202"}],"curies":[{"name":"wp","href":"https:\/\/api.w.org\/{rel}","templated":true}]}}