{"id":40203,"date":"2019-06-11T19:00:00","date_gmt":"2019-06-11T23:00:00","guid":{"rendered":"https:\/\/linitiative.ca\/International\/annaba-changement-radical-du-systeme\/"},"modified":"2019-06-11T19:00:00","modified_gmt":"2019-06-11T23:00:00","slug":"annaba-changement-radical-du-systeme","status":"publish","type":"post","link":"https:\/\/linitiative.ca\/International\/annaba-changement-radical-du-systeme\/","title":{"rendered":"Annaba : changement radical du syst\u00e8me"},"content":{"rendered":"<p>Des dizaines d\u2019\u00e9tudiants ont battu le pav\u00e9 \u00e0 Annaba. Issus des diff\u00e9rentes facult\u00e9s de l\u2019universit\u00e9 Badji-Mokhtar, les manifestants, qui se sont rassembl\u00e9s sur le parvis du Th\u00e9\u00e2tre r\u00e9gional Azzedine-Medjoubi, donnant sur le cours de la R\u00e9volution, ont r\u00e9it\u00e9r\u00e9 leurs revendications, \u00e0 savoir le d\u00e9part des symboles du syst\u00e8me et un changement radical du r\u00e9gime politique. Ils ont scand\u00e9 des slogans \u00a0hostiles au r\u00e9gime, tout en appelant \u00e0 un changement politique radical. Rest\u00e9s jusqu\u2019au d\u00e9but de l\u2019apr\u00e8s-midi, les manifestants se sont dispers\u00e9s dans le calme sous le regard discret des agents de police post\u00e9s sur les lieux.<br \/>B. G.<\/p>\n<p>Auteur: elmoudjahid<br \/>\n<a href=\"http:\/\/www.elmoudjahid.com\/fr\/actualites\/137997\">Cliquez ici pour lire l&rsquo;article depuis sa source.<\/a><\/p>\n","protected":false},"excerpt":{"rendered":"<p>Des dizaines d\u2019\u00e9tudiants ont battu le pav\u00e9 \u00e0 Annaba. Issus des diff\u00e9rentes facult\u00e9s de l\u2019universit\u00e9 Badji-Mokhtar, les manifestants, qui se sont rassembl\u00e9s sur le parvis du Th\u00e9\u00e2tre r\u00e9gional Azzedine-Medjoubi, donnant sur le cours de la R\u00e9volution, ont r\u00e9it\u00e9r\u00e9 leurs revendications, \u00e0 savoir le d\u00e9part des symboles du syst\u00e8me et un changement radical du r\u00e9gime politique. [&hellip;]<\/p>\n","protected":false},"author":1744,"featured_media":0,"comment_status":"closed","ping_status":"closed","sticky":false,"template":"","format":"standard","meta":{"fifu_image_url":"","fifu_image_alt":"","footnotes":""},"categories":[73,53],"tags":[],"class_list":["post-40203","post","type-post","status-publish","format-standard","hentry","category-actualite","category-algerie"],"_links":{"self":[{"href":"https:\/\/linitiative.ca\/International\/wp-json\/wp\/v2\/posts\/40203","targetHints":{"allow":["GET"]}}],"collection":[{"href":"https:\/\/linitiative.ca\/International\/wp-json\/wp\/v2\/posts"}],"about":[{"href":"https:\/\/linitiative.ca\/International\/wp-json\/wp\/v2\/types\/post"}],"author":[{"embeddable":true,"href":"https:\/\/linitiative.ca\/International\/wp-json\/wp\/v2\/users\/1744"}],"replies":[{"embeddable":true,"href":"https:\/\/linitiative.ca\/International\/wp-json\/wp\/v2\/comments?post=40203"}],"version-history":[{"count":0,"href":"https:\/\/linitiative.ca\/International\/wp-json\/wp\/v2\/posts\/40203\/revisions"}],"wp:attachment":[{"href":"https:\/\/linitiative.ca\/International\/wp-json\/wp\/v2\/media?parent=40203"}],"wp:term":[{"taxonomy":"category","embeddable":true,"href":"https:\/\/linitiative.ca\/International\/wp-json\/wp\/v2\/categories?post=40203"},{"taxonomy":"post_tag","embeddable":true,"href":"https:\/\/linitiative.ca\/International\/wp-json\/wp\/v2\/tags?post=40203"}],"curies":[{"name":"wp","href":"https:\/\/api.w.org\/{rel}","templated":true}]}}