{"id":40204,"date":"2019-06-11T19:00:00","date_gmt":"2019-06-11T23:00:00","guid":{"rendered":"https:\/\/linitiative.ca\/International\/tizi-ouzou-slogans-habituels\/"},"modified":"2019-06-11T19:00:00","modified_gmt":"2019-06-11T23:00:00","slug":"tizi-ouzou-slogans-habituels","status":"publish","type":"post","link":"https:\/\/linitiative.ca\/International\/tizi-ouzou-slogans-habituels\/","title":{"rendered":"Tizi Ouzou  : slogans habituels"},"content":{"rendered":"<p>Les \u00e9tudiants de l\u2019universit\u00e9 Mouloud-Mammeri de Tizi Ouzou (UMMTO) ont r\u00e9investi hier les ruelles de la ville des Gen\u00eats pour revendiquer le changement radical du syst\u00e8me politique, le d\u00e9part de ses tenants et l\u2019instauration d\u2019une nouvelle R\u00e9publique consacrant le respect des droits, des libert\u00e9s et une justice ind\u00e9pendante.<br \/>\u00a0La marche de la communaut\u00e9 universitaire, la 16e du genre depuis le d\u00e9but de la dynamique populaire du 22 f\u00e9vrier, s\u2019est \u00e9branl\u00e9e du campus universitaire Hasnaoua, pour sillonner les principales art\u00e8res de la ville et retrouver \u00e0 la fin son point de chute habituel, le m\u00e9morial des martyrs de la wilaya de Tizi Ouzou sis \u00e0 l\u2019entr\u00e9e ouest de cette ville. Tout au long de cette manifestation, les marcheurs ont scand\u00e9 \u00e0 gorge d\u00e9ploy\u00e9e les slogans habituels de la dynamique populaire pour le changement radical du syst\u00e8me politique en place en Alg\u00e9rie, notamment \u00abSyst\u00e8me d\u00e9gage\u00bb, \u00abPour une nouvelle r\u00e9publique\u00bb, \u00abNon aux \u00e9lections\u00bb, \u00abPour une transition de rupture\u00bb, \u00abY\u2019en a marre de ce pouvoir\u00bb\u2026<br \/>Des pancartes et des banderoles sur lesquelles sont transcrits plusieurs autres slogans revendicatifs ont \u00e9t\u00e9 \u00e9galement d\u00e9ploy\u00e9s par les \u00e9tudiants et \u00e9tudiantes participant \u00e0 cette manifestation organis\u00e9e par la Coordination locale des \u00e9tudiants de l\u2019UMMTO (CLE).\u00a0 Les manifestants ont exprim\u00e9 leur d\u00e9termination \u00e0 poursuivre leur mobilisation aux c\u00f4t\u00e9s des autres cat\u00e9gories de la soci\u00e9t\u00e9 jusqu\u2019au d\u00e9part de toutes les figures de l\u2019ancien syst\u00e8me et l\u2019\u00e9tablissement d\u2019un \u00c9tat de droit bas\u00e9 sur les principes d\u00e9mocratiques aboutissant \u00e0 l\u2019\u00e9lection d\u2019un pr\u00e9sident de la R\u00e9publique l\u00e9gitime et les institutions de la R\u00e9publique toutes aussi l\u00e9gitimes.\u00a0 De leur c\u00f4t\u00e9, les travailleurs ont observ\u00e9 le m\u00eame jour un rassemblement devant la Direction de distribution du gaz et de l\u2019\u00e9lectricit\u00e9 de Tizi Ouzou, pour r\u00e9it\u00e9rer leur engagement en faveur du changement radical et pacifique du syst\u00e8me politique, mais aussi pour exprimer leur refus de toute vell\u00e9it\u00e9 de privation de leur cette entreprise qui les fait vivre.<br \/>Bel. Adrar<\/p>\n<p>Auteur: elmoudjahid<br \/>\n<a href=\"http:\/\/www.elmoudjahid.com\/fr\/actualites\/137998\">Cliquez ici pour lire l&rsquo;article depuis sa source.<\/a><\/p>\n","protected":false},"excerpt":{"rendered":"<p>Les \u00e9tudiants de l\u2019universit\u00e9 Mouloud-Mammeri de Tizi Ouzou (UMMTO) ont r\u00e9investi hier les ruelles de la ville des Gen\u00eats pour revendiquer le changement radical du syst\u00e8me politique, le d\u00e9part de ses tenants et l\u2019instauration d\u2019une nouvelle R\u00e9publique consacrant le respect des droits, des libert\u00e9s et une justice ind\u00e9pendante.\u00a0La marche de la communaut\u00e9 universitaire, la 16e [&hellip;]<\/p>\n","protected":false},"author":1744,"featured_media":0,"comment_status":"closed","ping_status":"closed","sticky":false,"template":"","format":"standard","meta":{"fifu_image_url":"","fifu_image_alt":"","footnotes":""},"categories":[73,53],"tags":[],"class_list":["post-40204","post","type-post","status-publish","format-standard","hentry","category-actualite","category-algerie"],"_links":{"self":[{"href":"https:\/\/linitiative.ca\/International\/wp-json\/wp\/v2\/posts\/40204","targetHints":{"allow":["GET"]}}],"collection":[{"href":"https:\/\/linitiative.ca\/International\/wp-json\/wp\/v2\/posts"}],"about":[{"href":"https:\/\/linitiative.ca\/International\/wp-json\/wp\/v2\/types\/post"}],"author":[{"embeddable":true,"href":"https:\/\/linitiative.ca\/International\/wp-json\/wp\/v2\/users\/1744"}],"replies":[{"embeddable":true,"href":"https:\/\/linitiative.ca\/International\/wp-json\/wp\/v2\/comments?post=40204"}],"version-history":[{"count":0,"href":"https:\/\/linitiative.ca\/International\/wp-json\/wp\/v2\/posts\/40204\/revisions"}],"wp:attachment":[{"href":"https:\/\/linitiative.ca\/International\/wp-json\/wp\/v2\/media?parent=40204"}],"wp:term":[{"taxonomy":"category","embeddable":true,"href":"https:\/\/linitiative.ca\/International\/wp-json\/wp\/v2\/categories?post=40204"},{"taxonomy":"post_tag","embeddable":true,"href":"https:\/\/linitiative.ca\/International\/wp-json\/wp\/v2\/tags?post=40204"}],"curies":[{"name":"wp","href":"https:\/\/api.w.org\/{rel}","templated":true}]}}