{"id":40208,"date":"2019-06-11T19:00:00","date_gmt":"2019-06-11T23:00:00","guid":{"rendered":"https:\/\/linitiative.ca\/International\/transition-economique-des-experiences-etrangeres-a-la-rescousse\/"},"modified":"2019-06-11T19:00:00","modified_gmt":"2019-06-11T23:00:00","slug":"transition-economique-des-experiences-etrangeres-a-la-rescousse","status":"publish","type":"post","link":"https:\/\/linitiative.ca\/International\/transition-economique-des-experiences-etrangeres-a-la-rescousse\/","title":{"rendered":"Transition \u00e9conomique : Des exp\u00e9riences \u00e9trang\u00e8res \u00e0 la rescousse"},"content":{"rendered":"<p>Le Cercle d\u2019action et de r\u00e9flexion autour de l\u2019entreprise (CARE) organise, aujourd\u2019hui, \u00e0 l\u2019h\u00f4tel Sofitel, une rencontre sur le th\u00e8me \u00abTransition de l\u2019\u00e9conomie planifi\u00e9e \u00e0 l\u2019\u00e9conomie de march\u00e9\u00bb. Organis\u00e9 avec le soutien des ambassades de Hongrie, de Pologne et de la R\u00e9publique tch\u00e8que, ce d\u00e9bat sur une question d\u2019actualit\u00e9 passera en revue les exp\u00e9riences men\u00e9es dans ces trois pays de l\u2019Europe centrale. La conf\u00e9rence qui intervient dans un contexte un peu particulier, aux plans \u00e9conomique et politique, abordera une s\u00e9rie de th\u00e9matiques, en l\u2019occurrence, l\u2019\u00e9conomie politique des r\u00e9formes, la privatisation, l\u2019int\u00e9gration dans l\u2019\u00e9conomie mondiale et enfin la transformation vers l\u2019\u00e9conomie de march\u00e9 et le d\u00e9fi des in\u00e9galit\u00e9s sociales. Dans cette conjoncture que traverse le pays, et o\u00f9 le consensus g\u00e9n\u00e9ral place la restructuration de l\u2019\u00e9conomie nationale comme \u00e9tant une priorit\u00e9, cette conf\u00e9rence intervient \u00e0 un moment opportun pour partager les exp\u00e9riences en ce qui concerne la mise en \u0153uvre des r\u00e9formes structurelle, indiquent les organisateurs dans un communiqu\u00e9. La plupart des sp\u00e9cialistes des anciennes \u00e9conomies socialistes admettent aujourd\u2019hui que la transition vers l\u2019\u00e9conomie de march\u00e9 est une entreprise de longue haleine. Une d\u00e9marche qui sera expliqu\u00e9e lors de cette conf\u00e9rence par des sp\u00e9cialistes de renom des trois pays. Il s\u2019agit des \u00e9conomistes Tom\u00e1\u0161 Sedl\u00e1\u010dek, et d\u2019\u00c1rp\u00e1d Kov\u00e1cs, dipl\u00f4m\u00e9 de l\u2019universit\u00e9 de Technologie de Budapest et membre de la pr\u00e9sidence de l\u2019Association hongroise pour l\u2019Economie, qui pr\u00e9senteront l\u2019exp\u00e9rience tch\u00e8que et hongroise, et du journaliste et \u00e9crivain Bronislaw Wildstein, devant exposer le cas polonais. \u00abDurant les trente derni\u00e8res ann\u00e9es, les pays de l\u2019Europe centrale ont connu de grandes transformations politiques, \u00e9conomiques et sociales, acc\u00e9l\u00e9r\u00e9es suite \u00e0 leur adh\u00e9sion \u00e0 l\u2019Union europ\u00e9enne. L\u2019exp\u00e9rience des ex-pays communistes a montr\u00e9 que le processus de transition est long, complexe et difficile. Malgr\u00e9 les d\u00e9fis colossaux qu\u2019impose le passage de l\u2019\u00e9conomie planifi\u00e9e \u00e0 l\u2019\u00e9conomie de march\u00e9, le processus de transition en Europe centrale a fini par aboutir \u00e0 un d\u00e9veloppement \u00e9conomique remarquable. Dans un contexte o\u00f9 la restructuration de l\u2019\u00e9conomie alg\u00e9rienne devient n\u00e9cessaire, cette conf\u00e9rence vise \u00e0 partager les enseignements de la Hongrie, de la Pologne et de la R\u00e9publique tch\u00e8que en mati\u00e8re de r\u00e9formes structurelles\u00bb, pr\u00e9cisent les organisateurs. Dans le cadre de ce d\u00e9bat, les pan\u00e9listes devront parler du processus de privatisation et du d\u00e9veloppement du secteur priv\u00e9, du poids des conditions initiales dans la transition, des challenges et des opportunit\u00e9s de l\u2019insertion dans l\u2019\u00e9conomie mondiale, et du co\u00fbt social de la restructuration \u00e9conomique.\u00a0\u00a0\u00a0\u00a0<br \/>\u00a0\u00a0\u00a0\u00a0 Quel r\u00f4le ont jou\u00e9 les institutions dans la transition ? Quel est l\u2019impact des r\u00e9formes d\u00e9mocratiques \u00e0 l\u2019\u00e9poque sur la transformation des \u00e9conomies dans les trois pays ? Quel a \u00e9t\u00e9 l\u2019impact de la privatisation sur le tissu industriel des pays concern\u00e9s et sur la croissance en g\u00e9n\u00e9ral\u00a0? Qui ont \u00e9t\u00e9 les gagnants et les perdants de la transition\u00a0?<br \/>\u00a0\u00a0\u00a0\u00a0 Ce sont l\u00e0 quelques questions parmi d\u2019autres et auxquelles les intervenants apporteront les r\u00e9ponses qui s\u2019imposent et qui v\u00e9hiculeront les d\u00e9bats attendus lors de cette rencontre.<br \/>D. Akila<\/p>\n<p>Auteur: elmoudjahid<br \/>\n<a href=\"http:\/\/www.elmoudjahid.com\/fr\/actualites\/138002\">Cliquez ici pour lire l&rsquo;article depuis sa source.<\/a><\/p>\n","protected":false},"excerpt":{"rendered":"<p>Le Cercle d\u2019action et de r\u00e9flexion autour de l\u2019entreprise (CARE) organise, aujourd\u2019hui, \u00e0 l\u2019h\u00f4tel Sofitel, une rencontre sur le th\u00e8me \u00abTransition de l\u2019\u00e9conomie planifi\u00e9e \u00e0 l\u2019\u00e9conomie de march\u00e9\u00bb. Organis\u00e9 avec le soutien des ambassades de Hongrie, de Pologne et de la R\u00e9publique tch\u00e8que, ce d\u00e9bat sur une question d\u2019actualit\u00e9 passera en revue les exp\u00e9riences men\u00e9es [&hellip;]<\/p>\n","protected":false},"author":1744,"featured_media":0,"comment_status":"closed","ping_status":"closed","sticky":false,"template":"","format":"standard","meta":{"fifu_image_url":"","fifu_image_alt":"","footnotes":""},"categories":[73,53],"tags":[],"class_list":["post-40208","post","type-post","status-publish","format-standard","hentry","category-actualite","category-algerie"],"_links":{"self":[{"href":"https:\/\/linitiative.ca\/International\/wp-json\/wp\/v2\/posts\/40208","targetHints":{"allow":["GET"]}}],"collection":[{"href":"https:\/\/linitiative.ca\/International\/wp-json\/wp\/v2\/posts"}],"about":[{"href":"https:\/\/linitiative.ca\/International\/wp-json\/wp\/v2\/types\/post"}],"author":[{"embeddable":true,"href":"https:\/\/linitiative.ca\/International\/wp-json\/wp\/v2\/users\/1744"}],"replies":[{"embeddable":true,"href":"https:\/\/linitiative.ca\/International\/wp-json\/wp\/v2\/comments?post=40208"}],"version-history":[{"count":0,"href":"https:\/\/linitiative.ca\/International\/wp-json\/wp\/v2\/posts\/40208\/revisions"}],"wp:attachment":[{"href":"https:\/\/linitiative.ca\/International\/wp-json\/wp\/v2\/media?parent=40208"}],"wp:term":[{"taxonomy":"category","embeddable":true,"href":"https:\/\/linitiative.ca\/International\/wp-json\/wp\/v2\/categories?post=40208"},{"taxonomy":"post_tag","embeddable":true,"href":"https:\/\/linitiative.ca\/International\/wp-json\/wp\/v2\/tags?post=40208"}],"curies":[{"name":"wp","href":"https:\/\/api.w.org\/{rel}","templated":true}]}}