{"id":40215,"date":"2019-06-12T11:57:59","date_gmt":"2019-06-12T15:57:59","guid":{"rendered":"https:\/\/linitiative.ca\/International\/90524-can-2019-belkabla-ecarte-du-groupe-pour-des-raisons-disciplinaires\/"},"modified":"2019-06-12T11:57:59","modified_gmt":"2019-06-12T15:57:59","slug":"90524-can-2019-belkabla-ecarte-du-groupe-pour-des-raisons-disciplinaires","status":"publish","type":"post","link":"https:\/\/linitiative.ca\/International\/90524-can-2019-belkabla-ecarte-du-groupe-pour-des-raisons-disciplinaires\/","title":{"rendered":"CAN-2019: Belkabla \u00e9cart\u00e9 du groupe pour des raisons disciplinaires"},"content":{"rendered":"<div>\n<div class=\"K2FeedImage\"><img decoding=\"async\" src=\"http:\/\/www.aps.dz\/media\/k2\/items\/cache\/20617464c9469206e2fc54e10fafd43d_S.jpg\" alt=\"CAN-2019: Belkabla \u00e9cart\u00e9 du groupe pour des raisons disciplinaires\"><\/div>\n<div class=\"K2FeedIntroText\">\n<p><strong>ALGER &#8211; Le s\u00e9lectionneur national Djamel Belmadi a \u00e9cart\u00e9 le milieu de terrain Haris Belkebla du groupe pour des raisons disciplinaires, \u00e0 quelques jours du coup d&rsquo;envoi de la Coupe d&rsquo;Afrique des nations (CAN-2019), pr\u00e9vue du 21 juin au 19 juillet en Egypte, a annonc\u00e9 mercredi la\u00a0<a href=\"http:\/\/www.faf.dz\/pas-de-can-pour-haris-belkebla\/\" target=\"_blank\" rel=\"noopener noreferrer\">F\u00e9d\u00e9ration alg\u00e9rienne de football<\/a>\u00a0(FAF).<\/strong><\/p>\n<\/div>\n<div class=\"K2FeedFullText\">\n<p>\u00ab\u00a0La mise \u00e0 l&rsquo;\u00e9cart de Benkebla a \u00e9t\u00e9 n\u00e9cessaire pour pr\u00e9server le groupe et lui permettre de poursuivre sa pr\u00e9paration dans de bonnes conditions en pr\u00e9vision de la prochaine Coupe d&rsquo;Afrique\u00a0\u00bb, a tweet\u00e9 l&rsquo;instance f\u00e9d\u00e9rale concernant ce joueur de 25 ans, auquel il est reproch\u00e9 la diffusion d&rsquo;une vid\u00e9o compromettante sur les r\u00e9seaux sociaux.<\/p>\n<p>\u00ab\u00a0Belmadi consid\u00e8re la discipline une ligne rouge \u00e0 ne pas d\u00e9passer\u00a0\u00bb, ajoute-t-on de m\u00eame source.<\/p>\n<p>Le soci\u00e9taire du Stade Brestois (France) est un novice en s\u00e9lection nationale qu&rsquo;il a rejointe au mois de mai dernier, en pr\u00e9vision du stage bloqu\u00e9 de Sidi-Moussa (Alger), puis celui de Doha (Qatar), en pr\u00e9vision de la CAN-2019.<\/p>\n<p>Pour le remplacer, des m\u00e9dias \u00e9voquent la convocation du milieu de terrain Mohamed Benkhemassa, soci\u00e9taire de l&rsquo;USM Alger. Mais pour l&rsquo;heure, la FAF n&rsquo;a pas confirm\u00e9 l&rsquo;information, sachant que le dernier d\u00e9lai pour envoyer \u00e0 la Conf\u00e9d\u00e9ration africaine de football (CAF) la liste des joueurs convoqu\u00e9s pour la CAN-2019 \u00e9tait mardi \u00e0 23h00.<\/p>\n<\/div>\n<p><img loading=\"lazy\" decoding=\"async\" src=\"http:\/\/feeds.feedburner.com\/~r\/aps-sport\/~4\/Xrk7D6AwHhw\" height=\"1\" width=\"1\" alt=\"\"><\/div>\n<p>Auteur:<br \/>\n<a href=\"http:\/\/www.aps.dz\/sport\/90524-can-2019-belkabla-ecarte-du-groupe-pour-des-raisons-disciplinaires?utm_source=feedburner&#038;utm_medium=feed&#038;utm_campaign=Feed%3A+aps-sport+%28APS+-+SPORT%29\">Cliquez ici pour lire l&rsquo;article depuis sa source.<\/a><\/p>\n","protected":false},"excerpt":{"rendered":"<p>ALGER &#8211; Le s\u00e9lectionneur national Djamel Belmadi a \u00e9cart\u00e9 le milieu de terrain Haris Belkebla du groupe pour des raisons disciplinaires, \u00e0 quelques jours du coup d&rsquo;envoi de la Coupe d&rsquo;Afrique des nations (CAN-2019), pr\u00e9vue du 21 juin au 19 juillet en Egypte, a annonc\u00e9 mercredi la\u00a0F\u00e9d\u00e9ration alg\u00e9rienne de football\u00a0(FAF). \u00ab\u00a0La mise \u00e0 l&rsquo;\u00e9cart de [&hellip;]<\/p>\n","protected":false},"author":1790,"featured_media":40216,"comment_status":"closed","ping_status":"closed","sticky":false,"template":"","format":"standard","meta":{"fifu_image_url":"","fifu_image_alt":"","footnotes":""},"categories":[53,75],"tags":[],"class_list":["post-40215","post","type-post","status-publish","format-standard","has-post-thumbnail","hentry","category-algerie","category-sport"],"_links":{"self":[{"href":"https:\/\/linitiative.ca\/International\/wp-json\/wp\/v2\/posts\/40215","targetHints":{"allow":["GET"]}}],"collection":[{"href":"https:\/\/linitiative.ca\/International\/wp-json\/wp\/v2\/posts"}],"about":[{"href":"https:\/\/linitiative.ca\/International\/wp-json\/wp\/v2\/types\/post"}],"author":[{"embeddable":true,"href":"https:\/\/linitiative.ca\/International\/wp-json\/wp\/v2\/users\/1790"}],"replies":[{"embeddable":true,"href":"https:\/\/linitiative.ca\/International\/wp-json\/wp\/v2\/comments?post=40215"}],"version-history":[{"count":0,"href":"https:\/\/linitiative.ca\/International\/wp-json\/wp\/v2\/posts\/40215\/revisions"}],"wp:featuredmedia":[{"embeddable":true,"href":"https:\/\/linitiative.ca\/International\/wp-json\/"}],"wp:attachment":[{"href":"https:\/\/linitiative.ca\/International\/wp-json\/wp\/v2\/media?parent=40215"}],"wp:term":[{"taxonomy":"category","embeddable":true,"href":"https:\/\/linitiative.ca\/International\/wp-json\/wp\/v2\/categories?post=40215"},{"taxonomy":"post_tag","embeddable":true,"href":"https:\/\/linitiative.ca\/International\/wp-json\/wp\/v2\/tags?post=40215"}],"curies":[{"name":"wp","href":"https:\/\/api.w.org\/{rel}","templated":true}]}}