{"id":40217,"date":"2019-06-12T12:40:27","date_gmt":"2019-06-12T16:40:27","guid":{"rendered":"https:\/\/linitiative.ca\/International\/90528-foot-can-2019-selection-algerienne-quartier-libre-mercredi-matin\/"},"modified":"2019-06-12T12:40:27","modified_gmt":"2019-06-12T16:40:27","slug":"90528-foot-can-2019-selection-algerienne-quartier-libre-mercredi-matin","status":"publish","type":"post","link":"https:\/\/linitiative.ca\/International\/90528-foot-can-2019-selection-algerienne-quartier-libre-mercredi-matin\/","title":{"rendered":"Foot\/CAN 2019-S\u00e9lection alg\u00e9rienne: quartier libre mercredi matin"},"content":{"rendered":"<div>\n<div class=\"K2FeedIntroText\">\n<p><strong>DOHA &#8211; Les joueurs de la s\u00e9lection alg\u00e9rienne de football, actuellement en stage de pr\u00e9paration au Qatar, en vue de la prochaine Coupe d&rsquo;Afrique des nations (CAN 2019), qui se d\u00e9roulera du 21 juin au 19 juillet en Egypte, ont b\u00e9n\u00e9fici\u00e9 d&rsquo;un quartier libre mercredi matin, pour r\u00e9cup\u00e9rer des efforts fournis jusque-l\u00e0 et recharger les batteries en vue de la suite du programme des Verts.<\/strong><\/p>\n<\/div>\n<div class=\"K2FeedFullText\">\n<p>Les joueurs devront n\u00e9anmoins regagner l&rsquo;h\u00f4tel d\u00e8s 17h00 (15h00 alg\u00e9riennes), car \u00ab\u00a0une s\u00e9ance d&rsquo;entra\u00eenement est pr\u00e9vue \u00e0 18h30\u00a0\u00bb selon le staff technique national, ayant pr\u00e9cis\u00e9 que cette s\u00e9ance se d\u00e9roulera sur le terrain de l&rsquo;universit\u00e9 de Doha, en pr\u00e9sence du public et de la presse.<\/p>\n<p>\u00ab\u00a0L&rsquo;entrainement de ce mercredi soir concernera uniquement les rempla\u00e7ants et les joueurs qui n&rsquo;ont pris part au dernier match amical, disput\u00e9 mardi face au Burundi (1-1)\u00a0\u00bb a-t-on encore appris de m\u00eames sources, alors que \u00ab\u00a0les titulaires resteront \u00e0 l&rsquo;h\u00f4tel\u00a0\u00bb, o\u00f9 il b\u00e9n\u00e9ficieront d&rsquo;une s\u00e9ance de r\u00e9cup\u00e9ration.<\/p>\n<p>Lors de la joute amicale de mardi, c&rsquo;est l&rsquo;attaquant Baghdad Bounedjah qui avait ouvert le score \u00e0 la 68&prime;, alors que Fiston avait \u00e9galis\u00e9 pour le Burundi (73&prime;).<\/p>\n<p>Les hommes de Djamel Belmadi disputeront un deuxi\u00e8me et dernier match amical le 16 juin \u00e0 Doha face au Mali, avant de rallier le Caire le 18 juin pour prendre part \u00e0 la CAN 2019 o\u00f9 ils \u00e9volueront dans le groupe \u00ab\u00a0C\u00a0\u00bb avec le Kenya (23 juin), le S\u00e9n\u00e9gal (27 juin) et la Tanzanie (1er juillet).<\/p>\n<\/div>\n<p><img loading=\"lazy\" decoding=\"async\" src=\"http:\/\/feeds.feedburner.com\/~r\/aps-sport\/~4\/nY4wObqody4\" height=\"1\" width=\"1\" alt=\"\"><\/div>\n<p>Auteur:<br \/>\n<a href=\"http:\/\/www.aps.dz\/sport\/90528-foot-can-2019-selection-algerienne-quartier-libre-mercredi-matin?utm_source=feedburner&#038;utm_medium=feed&#038;utm_campaign=Feed%3A+aps-sport+%28APS+-+SPORT%29\">Cliquez ici pour lire l&rsquo;article depuis sa source.<\/a><\/p>\n","protected":false},"excerpt":{"rendered":"<p>DOHA &#8211; Les joueurs de la s\u00e9lection alg\u00e9rienne de football, actuellement en stage de pr\u00e9paration au Qatar, en vue de la prochaine Coupe d&rsquo;Afrique des nations (CAN 2019), qui se d\u00e9roulera du 21 juin au 19 juillet en Egypte, ont b\u00e9n\u00e9fici\u00e9 d&rsquo;un quartier libre mercredi matin, pour r\u00e9cup\u00e9rer des efforts fournis jusque-l\u00e0 et recharger les [&hellip;]<\/p>\n","protected":false},"author":1790,"featured_media":0,"comment_status":"closed","ping_status":"closed","sticky":false,"template":"","format":"standard","meta":{"fifu_image_url":"","fifu_image_alt":"","footnotes":""},"categories":[53,75],"tags":[],"class_list":["post-40217","post","type-post","status-publish","format-standard","hentry","category-algerie","category-sport"],"_links":{"self":[{"href":"https:\/\/linitiative.ca\/International\/wp-json\/wp\/v2\/posts\/40217","targetHints":{"allow":["GET"]}}],"collection":[{"href":"https:\/\/linitiative.ca\/International\/wp-json\/wp\/v2\/posts"}],"about":[{"href":"https:\/\/linitiative.ca\/International\/wp-json\/wp\/v2\/types\/post"}],"author":[{"embeddable":true,"href":"https:\/\/linitiative.ca\/International\/wp-json\/wp\/v2\/users\/1790"}],"replies":[{"embeddable":true,"href":"https:\/\/linitiative.ca\/International\/wp-json\/wp\/v2\/comments?post=40217"}],"version-history":[{"count":0,"href":"https:\/\/linitiative.ca\/International\/wp-json\/wp\/v2\/posts\/40217\/revisions"}],"wp:attachment":[{"href":"https:\/\/linitiative.ca\/International\/wp-json\/wp\/v2\/media?parent=40217"}],"wp:term":[{"taxonomy":"category","embeddable":true,"href":"https:\/\/linitiative.ca\/International\/wp-json\/wp\/v2\/categories?post=40217"},{"taxonomy":"post_tag","embeddable":true,"href":"https:\/\/linitiative.ca\/International\/wp-json\/wp\/v2\/tags?post=40217"}],"curies":[{"name":"wp","href":"https:\/\/api.w.org\/{rel}","templated":true}]}}