{"id":40227,"date":"2019-06-12T14:53:00","date_gmt":"2019-06-12T18:53:00","guid":{"rendered":"https:\/\/linitiative.ca\/International\/les-gerants-deposent-une-plainte-et-interpellent-les-autorites-un-gang-rackette-les-debits-de-boissons-a-ain-turck\/"},"modified":"2019-06-12T14:53:00","modified_gmt":"2019-06-12T18:53:00","slug":"les-gerants-deposent-une-plainte-et-interpellent-les-autorites-un-gang-rackette-les-debits-de-boissons-a-ain-turck","status":"publish","type":"post","link":"https:\/\/linitiative.ca\/International\/les-gerants-deposent-une-plainte-et-interpellent-les-autorites-un-gang-rackette-les-debits-de-boissons-a-ain-turck\/","title":{"rendered":"LES GERANTS DEPOSENT UNE PLAINTE  ET INTERPELLENT LES AUTORITES : Un gang rackette les d\u00e9bits  de boissons \u00e0 Ain Turck"},"content":{"rendered":"<p><br id=\"sep_para_1\" class=\"sep_para access\"\/><\/p>\n<div id=\"para_1\" class=\"para_31686259 resize\">\n<div class=\"texte access firstletter\">Ce gang les menace d\u00e9j\u00e0\u00a0 de lancer des campagnes hostiles \u00e0 leur encontre sur les r\u00e9seaux sociaux s\u2019ils ne versent pas une somme d\u2019argent. Ceux qui n\u2019ont pas c\u00e9d\u00e9 se retrouvent au premier plan dans des vid\u00e9os post\u00e9es sur le web, les citant nomm\u00e9ment et appelant les riverains \u00e0 signer des p\u00e9titions pour la fermeture de leurs \u00e9tablissements, car assimilant leurs activit\u00e9s \u00e0 des actions \u2018\u2019contre la morale\u2019\u2019 et comme une \u2018\u2019atteinte \u00e0 l\u2019ordre public\u2019\u2019.\u2019\u2019Certains d\u2019entre nous, pour \u00e9viter d\u2019avoir des probl\u00e8mes, ont c\u00e9d\u00e9 et donn\u00e9 de l\u2019argent \u00e0 ces personnes pour \u00e9viter d\u2019\u00eatre jet\u00e9s \u00e0 la vindicte publique\u2019\u2019, confie un g\u00e9rant menac\u00e9 par ces individus qui profitent de la conjoncture actuelle propice \u00e0 tous les d\u00e9passements, en recourant au racket. \u2018\u2019Nous interpellons les autorit\u00e9s locales contre ce vil chantage et ce ran\u00e7onnement qui nous mettent en danger ainsi que nos clients et menacent notre activit\u00e9\u2019\u2019, d\u00e9nonce ce collectif de commer\u00e7ants et d\u2019investisseurs dans une lettre adress\u00e9e aux autorit\u00e9s. Le collectif vient de d\u00e9poser une plainte officielle aupr\u00e8s du procureur de la R\u00e9publique pr\u00e8s du tribunal de la da\u00efra d\u2019Ain Turk contre ces perturbateurs qui les connaissent assez bien, pour ne pas se m\u00ealer dans ces affrontements et r\u00e8glements de comptes entre ces deux parties. Les g\u00e9rants de ces \u00e9tablissements, et complexes h\u00f4teliers s\u2019interrogent sur les dessous de ces \u2018\u2019man\u0153uvres malveillantes\u2019\u2019 qui rappellent \u00e9trangement les agissements des ann\u00e9es 1990. Selon le m\u00eame collectif, ce groupe serait \u2018\u2019encourag\u00e9\u2019\u2019 et \u2018\u2019soutenu\u2019\u2019 \u00e0 travers des \u2018\u2019financements occultes\u2019\u2019 pour semer le d\u00e9sordre \u2018\u2019\u00e0 des fins inavou\u00e9es\u2019\u2019.<\/div>\n<\/div>\n<p>Auteur: Habib Medjadji<br \/>\n<a href=\"https:\/\/www.reflexiondz.net\/LES-GERANTS-DEPOSENT-UNE-PLAINTE-ET-INTERPELLENT-LES-AUTORITES-Un-gang-rackette-les-debits-de-boissons-a-Ain-Turck_a56155.html\">Cliquez ici pour lire l&rsquo;article depuis sa source.<\/a><\/p>\n","protected":false},"excerpt":{"rendered":"<p>Ce gang les menace d\u00e9j\u00e0\u00a0 de lancer des campagnes hostiles \u00e0 leur encontre sur les r\u00e9seaux sociaux s\u2019ils ne versent pas une somme d\u2019argent. Ceux qui n\u2019ont pas c\u00e9d\u00e9 se retrouvent au premier plan dans des vid\u00e9os post\u00e9es sur le web, les citant nomm\u00e9ment et appelant les riverains \u00e0 signer des p\u00e9titions pour la fermeture [&hellip;]<\/p>\n","protected":false},"author":1740,"featured_media":0,"comment_status":"closed","ping_status":"closed","sticky":false,"template":"","format":"standard","meta":{"fifu_image_url":"","fifu_image_alt":"","footnotes":""},"categories":[53,76],"tags":[],"class_list":["post-40227","post","type-post","status-publish","format-standard","hentry","category-algerie","category-regions"],"_links":{"self":[{"href":"https:\/\/linitiative.ca\/International\/wp-json\/wp\/v2\/posts\/40227","targetHints":{"allow":["GET"]}}],"collection":[{"href":"https:\/\/linitiative.ca\/International\/wp-json\/wp\/v2\/posts"}],"about":[{"href":"https:\/\/linitiative.ca\/International\/wp-json\/wp\/v2\/types\/post"}],"author":[{"embeddable":true,"href":"https:\/\/linitiative.ca\/International\/wp-json\/wp\/v2\/users\/1740"}],"replies":[{"embeddable":true,"href":"https:\/\/linitiative.ca\/International\/wp-json\/wp\/v2\/comments?post=40227"}],"version-history":[{"count":0,"href":"https:\/\/linitiative.ca\/International\/wp-json\/wp\/v2\/posts\/40227\/revisions"}],"wp:attachment":[{"href":"https:\/\/linitiative.ca\/International\/wp-json\/wp\/v2\/media?parent=40227"}],"wp:term":[{"taxonomy":"category","embeddable":true,"href":"https:\/\/linitiative.ca\/International\/wp-json\/wp\/v2\/categories?post=40227"},{"taxonomy":"post_tag","embeddable":true,"href":"https:\/\/linitiative.ca\/International\/wp-json\/wp\/v2\/tags?post=40227"}],"curies":[{"name":"wp","href":"https:\/\/api.w.org\/{rel}","templated":true}]}}