{"id":40239,"date":"2019-06-12T15:38:00","date_gmt":"2019-06-12T19:38:00","guid":{"rendered":"https:\/\/linitiative.ca\/International\/faites-connaissance-avec-nabil-karoui-et-kais-saied\/"},"modified":"2019-06-12T15:38:00","modified_gmt":"2019-06-12T19:38:00","slug":"faites-connaissance-avec-nabil-karoui-et-kais-saied","status":"publish","type":"post","link":"https:\/\/linitiative.ca\/International\/faites-connaissance-avec-nabil-karoui-et-kais-saied\/","title":{"rendered":"Faites connaissance avec  Nabil Karoui et Ka\u00efs Sa\u00efed"},"content":{"rendered":"<p>Les r\u00e9sultats des sondages sur les intentions de vote aux prochaines \u00e9lections ont provoqu\u00e9 une lev\u00e9e de boucliers dans le microcosme politique. \u00ab On s\u2019attendait \u00e0 tout sauf \u00e0 \u00e7a \u00bb, reconna\u00eet un vieux politicien, tout penaud, de n&rsquo;avoir rien vu venir. Effectivement, la surprise a \u00e9t\u00e9 totale d\u2019autant plus que Karoui et Sa\u00efed n\u2019\u00e9taient pas pris au s\u00e9rieux. Le premier passait pour un personnage falot. On savait certes qu\u2019il nourrissait des ambitions politiques, mais de l\u00e0 \u00e0 penser\u00a0 que ces ambitions allaient le conduire jusqu\u2019\u00e0 postuler pour la magistrature supr\u00eame et cr\u00e9er un parti, personne ne s\u2019y attendait,d\u2019autant plus qu&rsquo;il passait aux yeux de tous pour un homme d&rsquo;affaires sans envergure, entr\u00e9 en politique par pur hasard et qui se satisferait bien d\u2019un si\u00e8ge de d\u00e9put\u00e9. La r\u00e9action spontan\u00e9e des riverains du si\u00e8ge de Nessma pr\u00e8s de Rad\u00e8s lors du d\u00e9mant\u00e8lement\u00a0 des \u00e9quipements de diffusion de la station par la force publique aurait d\u00fb leur mettre la puce \u00e0 l\u2019oreille. Il est vrai que l\u2019homme cachait\u00a0 bien son jeu. Alors que la classe politique se chamaillait tout en multipliant les crocs en jambe \u00e0 celui qu\u2019elle consid\u00e9rait comme l\u2019adversaire principal, Youssef Chahed, le directeur de Nessma sillonnait les villages, promettant tout \u00e0 tout le monde, le paradis pour tous, sous le couvert de son association caritative Khalil Tounis dans la perspective des \u00e9lections. Nabil Karoui\u00a0 succ\u00e8dera peut-\u00eatre \u00e0 B\u00e9ji Ca\u00efd Essebsi m\u00eame s&rsquo;il n&rsquo;a pas une once des qualit\u00e9s requises pour ce poste. Par contre, il doit une fi\u00e8re chandelle \u00e0 la na\u00efvet\u00e9 des partis de gauche pr\u00eats \u00e0 tout sacrifier sur l&rsquo;autel de la libert\u00e9 de la presse. Car c&rsquo;est au nom de cette sacrosainte libert\u00e9 qu&rsquo;ils ont soutenu jusqu&rsquo;au bout Karoui, m\u00eame s&rsquo;il n&rsquo;\u00e9tait pas dans son droit, et lui ont servi d&rsquo;alibi en prenant part \u00e0 ses talk show \u00e0 sens unique tant qu&rsquo;il \u00e9tait l&rsquo;ennemi de leur ennemi.<\/p>\n<p>S&rsquo;agissant de l&rsquo;autre grande surprise de ces sondages, Ka\u00efs Sa\u00efed. C&rsquo;est un original. Dites cela et tout est dit. On se contentera de vous renvoyer \u00e0 sa derni\u00e8re interview. Il y est tout entier. Karoui et Sa\u00efed. A eux deux, ils font la paire. Notre Tunisie aura fi\u00e8re allure \u00e0 l&rsquo;\u00e9tranger.<\/p>\n<p><strong>Lire aussi<\/strong><\/p>\n<p><a href=\"https:\/\/www.leaders.com.tn\/article\/27271-elections\" target=\"_blank\" rel=\"noopener noreferrer\">Les r\u00e9sultats des sondages : peut-on gu\u00e9rir le mal par le mal?<\/a><\/p>\n<p><a href=\"https:\/\/www.leaders.com.tn\/article\/27206-elections-2019-ces-intentions-de-vote-qui-risquent-de-tout-chambouler-explications\" target=\"_blank\" rel=\"noopener noreferrer\">Elections 2019: Ces intentions de vote qui risquent de tout chambouler: explications\u00a0<\/a><\/p>\n<p><a href=\"https:\/\/www.leaders.com.tn\/article\/27212-elections-2019-chahed-pourra-t-il-rebondir\" target=\"_blank\" rel=\"noopener noreferrer\">Elections 2019: Class\u00e9 6\u00e8me, de loin derri\u00e8re Karoui, dans les sondages, Youssef Chahed pourra-t-il rebondir?<\/a><\/p>\n<p>Auteur:<br \/>\n<a href=\"https:\/\/www.leaders.com.tn\/article\/27273-faites-connaissance-avec-nabil-karoui-et-kais-saied\">Cliquez ici pour lire l&rsquo;article depuis sa source.<\/a><\/p>\n","protected":false},"excerpt":{"rendered":"<p>Les r\u00e9sultats des sondages sur les intentions de vote aux prochaines \u00e9lections ont provoqu\u00e9 une lev\u00e9e de boucliers dans le microcosme politique. \u00ab On s\u2019attendait \u00e0 tout sauf \u00e0 \u00e7a \u00bb, reconna\u00eet un vieux politicien, tout penaud, de n&rsquo;avoir rien vu venir. Effectivement, la surprise a \u00e9t\u00e9 totale d\u2019autant plus que Karoui et Sa\u00efed n\u2019\u00e9taient [&hellip;]<\/p>\n","protected":false},"author":1772,"featured_media":0,"comment_status":"closed","ping_status":"closed","sticky":false,"template":"","format":"standard","meta":{"fifu_image_url":"","fifu_image_alt":"","footnotes":""},"categories":[73,55],"tags":[],"class_list":["post-40239","post","type-post","status-publish","format-standard","hentry","category-actualite","category-tunisie"],"_links":{"self":[{"href":"https:\/\/linitiative.ca\/International\/wp-json\/wp\/v2\/posts\/40239","targetHints":{"allow":["GET"]}}],"collection":[{"href":"https:\/\/linitiative.ca\/International\/wp-json\/wp\/v2\/posts"}],"about":[{"href":"https:\/\/linitiative.ca\/International\/wp-json\/wp\/v2\/types\/post"}],"author":[{"embeddable":true,"href":"https:\/\/linitiative.ca\/International\/wp-json\/wp\/v2\/users\/1772"}],"replies":[{"embeddable":true,"href":"https:\/\/linitiative.ca\/International\/wp-json\/wp\/v2\/comments?post=40239"}],"version-history":[{"count":0,"href":"https:\/\/linitiative.ca\/International\/wp-json\/wp\/v2\/posts\/40239\/revisions"}],"wp:attachment":[{"href":"https:\/\/linitiative.ca\/International\/wp-json\/wp\/v2\/media?parent=40239"}],"wp:term":[{"taxonomy":"category","embeddable":true,"href":"https:\/\/linitiative.ca\/International\/wp-json\/wp\/v2\/categories?post=40239"},{"taxonomy":"post_tag","embeddable":true,"href":"https:\/\/linitiative.ca\/International\/wp-json\/wp\/v2\/tags?post=40239"}],"curies":[{"name":"wp","href":"https:\/\/api.w.org\/{rel}","templated":true}]}}