{"id":40241,"date":"2019-06-12T06:00:00","date_gmt":"2019-06-12T10:00:00","guid":{"rendered":"https:\/\/linitiative.ca\/International\/lemma-becharia-en-tournee-europeenne\/"},"modified":"2019-06-12T06:00:00","modified_gmt":"2019-06-12T10:00:00","slug":"lemma-becharia-en-tournee-europeenne","status":"publish","type":"post","link":"https:\/\/linitiative.ca\/International\/lemma-becharia-en-tournee-europeenne\/","title":{"rendered":"Lemma Becharia en tourn\u00e9e europ\u00e9enne"},"content":{"rendered":"<p>La troupe f\u00e9minine Lemma Becharia, men\u00e9e par la\u00a0 chanteuse Souad Asla, est programm\u00e9e dans plusieurs villes europ\u00e9ennes pour\u00a0 une tourn\u00e9e qui s&rsquo;\u00e9tend du 9 juin au 31 ao\u00fbt prochain, annonce la troupe\u00a0 sur sa page Facebook.\u00a0 Le groupe devra entamer sa tourn\u00e9e par un concert, pr\u00e9vu dimanche, \u00e0\u00a0 l&rsquo;Institut du monde arabe (Ima) \u00e0 Paris, avant de se produire sur la sc\u00e8ne du Festival \u00abAny where in the wind blows\u00bb dans la ville n\u00e9erlandaise de La Haye, puis au Festival des cinq continents, en Suisse.\u00a0<br \/>Cette troupe, cr\u00e9\u00e9e pour faire revivre des genres musicaux populaires\u00a0 f\u00e9minins de la Saoura (sud-ouest alg\u00e9rien), est \u00e9galement attendue en Su\u00e8de,\u00a0 en Pologne, aux Iles Canaries et dans plusieurs villes fran\u00e7aises.\u00a0 Form\u00e9 en 2015 par la chanteuse Souad Asla, le groupe est constitu\u00e9 d&rsquo;une\u00a0 dizaine de chanteuses et musiciennes de la r\u00e9gion de B\u00e9char, dont Hasna El\u00a0 Becharia, Zohra Kherabi, Rabea Boughazi ou encore Mabrouka Brik. La ferda f\u00e9minine, le diwan, mais aussi des chants traditionnels des Zeffanate et Djebbaryate\u00a0 (troupes musicales locales), entonn\u00e9s lors des f\u00eates familiales ou populaires, sont autant de styles ex\u00e9cut\u00e9s sur sc\u00e8ne\u00a0 par la troupe qui entend vulgariser des musiques comme le haidous et le chellali, tr\u00e8s rarement jou\u00e9s en public.\u00a0<br \/>En f\u00e9vrier 2018, Lemma Becharia avait sorti son premier album, Lemma,\u00a0 d\u00e9di\u00e9 \u00e0 la sauvegarde du patrimoine musical de la Saoura. Apr\u00e8s plusieurs sc\u00e8nes en Alg\u00e9rie et en France, la troupe \u00e9tait l\u2019invit\u00e9e\u00a0 d&rsquo;honneur du Festival international de la hadra f\u00e9minine et musiques de\u00a0 transe d&rsquo;Essaouira (Maroc) de 2016, avant une tourn\u00e9e en France et en\u00a0 Belgique en novembre 2018.<\/p>\n<p>Auteur:<br \/>\n<a href=\"https:\/\/www.lesoirdalgerie.com\/culture\/lemma-becharia-en-tournee-europeenne-25252\">Cliquez ici pour lire l&rsquo;article depuis sa source.<\/a><\/p>\n","protected":false},"excerpt":{"rendered":"<p>La troupe f\u00e9minine Lemma Becharia, men\u00e9e par la\u00a0 chanteuse Souad Asla, est programm\u00e9e dans plusieurs villes europ\u00e9ennes pour\u00a0 une tourn\u00e9e qui s&rsquo;\u00e9tend du 9 juin au 31 ao\u00fbt prochain, annonce la troupe\u00a0 sur sa page Facebook.\u00a0 Le groupe devra entamer sa tourn\u00e9e par un concert, pr\u00e9vu dimanche, \u00e0\u00a0 l&rsquo;Institut du monde arabe (Ima) \u00e0 Paris, [&hellip;]<\/p>\n","protected":false},"author":1741,"featured_media":0,"comment_status":"closed","ping_status":"closed","sticky":false,"template":"","format":"standard","meta":{"fifu_image_url":"","fifu_image_alt":"","footnotes":""},"categories":[73,53],"tags":[],"class_list":["post-40241","post","type-post","status-publish","format-standard","hentry","category-actualite","category-algerie"],"_links":{"self":[{"href":"https:\/\/linitiative.ca\/International\/wp-json\/wp\/v2\/posts\/40241","targetHints":{"allow":["GET"]}}],"collection":[{"href":"https:\/\/linitiative.ca\/International\/wp-json\/wp\/v2\/posts"}],"about":[{"href":"https:\/\/linitiative.ca\/International\/wp-json\/wp\/v2\/types\/post"}],"author":[{"embeddable":true,"href":"https:\/\/linitiative.ca\/International\/wp-json\/wp\/v2\/users\/1741"}],"replies":[{"embeddable":true,"href":"https:\/\/linitiative.ca\/International\/wp-json\/wp\/v2\/comments?post=40241"}],"version-history":[{"count":0,"href":"https:\/\/linitiative.ca\/International\/wp-json\/wp\/v2\/posts\/40241\/revisions"}],"wp:attachment":[{"href":"https:\/\/linitiative.ca\/International\/wp-json\/wp\/v2\/media?parent=40241"}],"wp:term":[{"taxonomy":"category","embeddable":true,"href":"https:\/\/linitiative.ca\/International\/wp-json\/wp\/v2\/categories?post=40241"},{"taxonomy":"post_tag","embeddable":true,"href":"https:\/\/linitiative.ca\/International\/wp-json\/wp\/v2\/tags?post=40241"}],"curies":[{"name":"wp","href":"https:\/\/api.w.org\/{rel}","templated":true}]}}