{"id":40242,"date":"2019-06-12T06:00:00","date_gmt":"2019-06-12T10:00:00","guid":{"rendered":"https:\/\/linitiative.ca\/International\/lancement-dun-programme-de-motivation-des-artistes-pour-la-promotion-des-arts\/"},"modified":"2019-06-12T06:00:00","modified_gmt":"2019-06-12T10:00:00","slug":"lancement-dun-programme-de-motivation-des-artistes-pour-la-promotion-des-arts","status":"publish","type":"post","link":"https:\/\/linitiative.ca\/International\/lancement-dun-programme-de-motivation-des-artistes-pour-la-promotion-des-arts\/","title":{"rendered":"Lancement d\u2019un programme de motivation des artistes pour la promotion des arts"},"content":{"rendered":"<p>La Direction de la culture de la wilaya de Tissemsilt a lanc\u00e9 derni\u00e8rement un programme de motivation des artistes\u00a0 pour la promotion des arts, a annonc\u00e9 dimanche soir le directeur du secteur, Mohamed Dahel, en marge d&rsquo;une c\u00e9r\u00e9monie c\u00e9l\u00e9brant la Journ\u00e9e\u00a0 nationale de l\u2019artiste. Ce programme comporte l\u2019accompagnement permanent des artistes de la wilaya\u00a0 pour r\u00e9soudre leurs probl\u00e8mes professionnels et r\u00e9pondre \u00e0 leurs pr\u00e9occupations li\u00e9es, entre autres, \u00e0 la participation \u00e0 des manifestations artistiques et culturelles dans la wilaya et dans d\u2019autres r\u00e9gions du pays.\u00a0<br \/>Ce programme, non limit\u00e9 dans le temps, pr\u00e9voit l\u2019ouverture d\u2019un bureau au si\u00e8ge de la Direction de la culture qui prendra en charge les pr\u00e9occupations des artistes en consid\u00e9ration de leurs propositions et avis visant \u00e0 d\u00e9velopper et \u00e0 promouvoir divers arts de la r\u00e9gion. Des\u00a0 rencontres de sensibilisation et de proximit\u00e9 sont pr\u00e9vues avec des artistes les incitant \u00e0 adh\u00e9rer \u00e0 l\u2019Office national des droits d\u2019auteur et\u00a0 droits voisins (Onda) en vue d\u2019assurer la protection de leurs cr\u00e9ations\u00a0 artistiques et leur faire b\u00e9n\u00e9ficier de protection sociale, a-t-on indiqu\u00e9. Il est pr\u00e9vu aussi de les sensibiliser sur l\u2019importance de signer des conventions avec les organisateurs de soir\u00e9es et de manifestations artistiques pour garantir une participation permanente \u00e0 ces rendez-vous.\u00a0<br \/>Des manifestations artistiques et culturelles seront programm\u00e9es dans des institutions relevant du secteur de la culture pour permettre \u00e0 plusieurs\u00a0 associations \u00e0 caract\u00e8re culturel et artistique de participer et am\u00e9liorer la qualit\u00e9 des productions pr\u00e9sent\u00e9es au public.\u00a0<br \/>Par ailleurs, M. Dahel a fait savoir que la Direction de la culture a distribu\u00e9 jusqu\u2019\u00e0 ce jour 80 cartes d\u2019artiste dans les domaines des arts plastiques, de la musique, de la po\u00e9sie et de la chanson.\u00a0<br \/>Cette c\u00e9r\u00e9monie, pr\u00e9sid\u00e9e par le secr\u00e9taire g\u00e9n\u00e9ral de la wilaya, Abdelkrim Maghreb, a \u00e9t\u00e9 marqu\u00e9e par la remise de 17 cartes d\u2019artiste, un r\u00e9cital musical genre oranais, anim\u00e9 par Tarik Ch\u00e9b\u00e9li dit Ahmed Wahbi\u00a0 junior et\u00a0 des lectures po\u00e9tiques par Kacem Chikhaoui et\u00a0 Abdelkader Hadjou.<\/p>\n<p>Auteur:<br \/>\n<a href=\"https:\/\/www.lesoirdalgerie.com\/culture\/lancement-dun-programme-de-motivation-des-artistes-pour-la-promotion-des-arts-25251\">Cliquez ici pour lire l&rsquo;article depuis sa source.<\/a><\/p>\n","protected":false},"excerpt":{"rendered":"<p>La Direction de la culture de la wilaya de Tissemsilt a lanc\u00e9 derni\u00e8rement un programme de motivation des artistes\u00a0 pour la promotion des arts, a annonc\u00e9 dimanche soir le directeur du secteur, Mohamed Dahel, en marge d&rsquo;une c\u00e9r\u00e9monie c\u00e9l\u00e9brant la Journ\u00e9e\u00a0 nationale de l\u2019artiste. Ce programme comporte l\u2019accompagnement permanent des artistes de la wilaya\u00a0 pour [&hellip;]<\/p>\n","protected":false},"author":1741,"featured_media":0,"comment_status":"closed","ping_status":"closed","sticky":false,"template":"","format":"standard","meta":{"fifu_image_url":"","fifu_image_alt":"","footnotes":""},"categories":[73,53],"tags":[],"class_list":["post-40242","post","type-post","status-publish","format-standard","hentry","category-actualite","category-algerie"],"_links":{"self":[{"href":"https:\/\/linitiative.ca\/International\/wp-json\/wp\/v2\/posts\/40242","targetHints":{"allow":["GET"]}}],"collection":[{"href":"https:\/\/linitiative.ca\/International\/wp-json\/wp\/v2\/posts"}],"about":[{"href":"https:\/\/linitiative.ca\/International\/wp-json\/wp\/v2\/types\/post"}],"author":[{"embeddable":true,"href":"https:\/\/linitiative.ca\/International\/wp-json\/wp\/v2\/users\/1741"}],"replies":[{"embeddable":true,"href":"https:\/\/linitiative.ca\/International\/wp-json\/wp\/v2\/comments?post=40242"}],"version-history":[{"count":0,"href":"https:\/\/linitiative.ca\/International\/wp-json\/wp\/v2\/posts\/40242\/revisions"}],"wp:attachment":[{"href":"https:\/\/linitiative.ca\/International\/wp-json\/wp\/v2\/media?parent=40242"}],"wp:term":[{"taxonomy":"category","embeddable":true,"href":"https:\/\/linitiative.ca\/International\/wp-json\/wp\/v2\/categories?post=40242"},{"taxonomy":"post_tag","embeddable":true,"href":"https:\/\/linitiative.ca\/International\/wp-json\/wp\/v2\/tags?post=40242"}],"curies":[{"name":"wp","href":"https:\/\/api.w.org\/{rel}","templated":true}]}}